{"id":20996,"date":"2023-01-12T09:39:09","date_gmt":"2023-01-12T08:39:09","guid":{"rendered":"https:\/\/www.pierregoursat.com\/?p=20996"},"modified":"2023-01-26T17:37:50","modified_gmt":"2023-01-26T16:37:50","slug":"podcast-jak-uczyc-sie-od-serca-jezusa-i-maryi-naszej-matki","status":"publish","type":"post","link":"https:\/\/www.pierregoursat.com\/pl\/podcast-jak-uczyc-sie-od-serca-jezusa-i-maryi-naszej-matki\/","title":{"rendered":"Podcast &#8211; Jak uczy\u0107 si\u0119 od Serca Jezusa i Maryi, naszej matki"},"content":{"rendered":"<p style=\"text-align: center;\"><strong>Francis kohn<\/strong><\/p>\n<h1 style=\"text-align: center;\"><span style=\"color: #ffcc00;\"><strong>Jak uczy\u0107 si\u0119 od Serca Jezusa i Maryi, naszej matki<\/strong><\/span><\/h1>\n<p><img fetchpriority=\"high\" decoding=\"async\" class=\" wp-image-6713 alignleft\" src=\"https:\/\/www.pierregoursat.com\/images-pierre-goursatmedias\/2022\/01\/citation-01-300x212.jpg\" alt=\"\" width=\"330\" height=\"233\" srcset=\"https:\/\/www.pierregoursat.com\/images-pierre-goursatmedias\/2022\/01\/citation-01-300x212.jpg 300w, https:\/\/www.pierregoursat.com\/images-pierre-goursatmedias\/2022\/01\/citation-01-768x542.jpg 768w, https:\/\/www.pierregoursat.com\/images-pierre-goursatmedias\/2022\/01\/citation-01.jpg 1000w\" sizes=\"(max-width: 330px) 100vw, 330px\" \/>Piotr Goursat niezwykle kocha\u0142 Serce Jezusa &#8211; wola\u0142 ten termin ni\u017c Sacr\u00e9-C\u0153ur, Naj\u015bwi\u0119tsze Serce &#8211; i Maryi. Mi\u0142o\u015b\u0107 t\u0119 zaszczepi\u0142a mu jego matka. Gdy Piotr przyszed\u0142 na \u015bwiat 15 sierpnia 1914, matka po\u015bwi\u0119ci\u0142a synka Maryi, a w kolejnym roku, drugiego swojego syna Bernarda, Naj\u015bwi\u0119tszemu Sercu Jezusa. Urodzony w uroczysto\u015b\u0107 Wniebowzi\u0119cia Maryi, Piotr zmar\u0142 25 marca 1991, w \u015bwi\u0119to Zwiastowania, kt\u00f3re w wtedy wypada\u0142o w poniedzia\u0142ek w Wielkim Tygodniu: daty jego urodzin na ziemi i dla nieba s\u0105 znakiem obecno\u015bci i szczeg\u00f3lnej opieki Maryi w jego \u017cyciu.<\/p>\n<p>Nie mo\u017cemy zrozumie\u0107 Piotra bez podkre\u015blenia jego szczeg\u00f3lnego przywi\u0105zania do Serca Jezusowego i do Maryi. Najpierw opowiem o mi\u0142o\u015bci do Serca Jezusowego, a potem o zaufaniu do Maryi.<\/p>\n<p>&nbsp;<\/p>\n<h2><span style=\"color: #ffcc00;\"><strong>I) By\u0107 w szkole Serca Jezusa<\/strong><\/span><\/h2>\n<p>W m\u0142odo\u015bci Piotr nie by\u0142 w stanie patrze\u0107 na krucyfiks. Pok\u00f3j odnajdywa\u0142 dopiero przy Sercu Jezusa. Tak to t\u0142umaczy\u0142:<\/p>\n<p>\u201cW m\u0142odo\u015bci odczuwa\u0142em silny l\u0119k przed krzy\u017cem. W ko\u015bciele Saint-Philippe by\u0142y dwa o\u0142tarze, jeden z krzy\u017cem, drugi z Sercem Jezusa, ci\u0105gn\u0119\u0142o mnie zawsze do Serca Jezusowego! M\u00f3wi\u0142em do siebie: &lt;&lt;Ten krzy\u017c jest przera\u017caj\u0105cy. To skandal, to co\u015b strasznego! Jak ludzie mog\u0105 to akceptowa\u0107. Ta ca\u0142a krew, kt\u00f3ra p\u0142ynie, nie, nie, to jest naprawd\u0119 przera\u017caj\u0105ce!&gt;&gt; A Serce Jezusa jest Sercem promieniej\u0105cym. Tam nie ma krwi. Jest \u015bwiat\u0142o, ogie\u0144. M\u00f3wi\u0142em do siebie: &lt;&lt;Ja bardzo chc\u0119 sp\u0142on\u0105\u0107, ale nie chc\u0119, \u017ceby mnie kroili na kawa\u0142ki&gt;&gt; [&#8230;] I wtedy ogarnia\u0142 mnie pok\u00f3j. Stawa\u0142em w pokoju Jego Serca, trwa\u0142em w zaufaniu i w pokoju\u201d.<a href=\"#_ftn1\" name=\"_ftnref1\"><sup>[1]<\/sup><\/a><\/p>\n<p>Po nawr\u00f3ceniu Piotr jeszcze bardziej pokocha\u0142 Serce Jezusa. M\u00f3wi\u0142: \u201cKocha\u0142em Serce Jezusa ogromem mi\u0142o\u015bci. Karmi\u0142em si\u0119 adoracj\u0105 i modli\u0142em w czasie adoracji Eucharystycznej i adoracji Serca Jezusowego [&#8230;]. Doktryna \u015bwi\u0119tego Augustyna, jego intuicyjne podej\u015bcie, to si\u0119 dobrze \u0142\u0105czy\u0142o ze \u015bwi\u0119tym Bonawentur\u0105 i nauczaniem o Sercu Jezusa\u201d<a href=\"#_ftn2\" name=\"_ftnref2\"><sup>[2]<\/sup><\/a>.<\/p>\n<p>W pierwszej cz\u0119\u015bci przedstawi\u0119 cztery punkty.<\/p>\n<p>&nbsp;<\/p>\n<h3>1) Letnie sesje w Paray-le-Monial i sanktuarium oddane Wsp\u00f3lnocie<\/h3>\n<p>Po pierwszym spotkaniu grup modlitewnych i wsp\u00f3lnot charyzmatycznych, kt\u00f3re mia\u0142o miejsce w V\u00e9zelay w lipcu 1974 roku, Piotr Goursat mia\u0142 na modlitwie intuicj\u0119, \u017ceby w roku kolejnym zorganizowa\u0107 spotkanie francuskiej Odnowy. Piotr chcia\u0142, by to spotkanie odby\u0142o si\u0119 w Paray-le-Monial, gdzie w XVII wieku Chrystus objawi\u0142 si\u0119 \u015bwi\u0119tej Ma\u0142gorzacie Marii Alacoque i da\u0142 pozna\u0107 \u015bwiatu Swoje mi\u0142osierne Serce. Piotr przedstawi\u0142 t\u0119 intuicj\u0119 Herv\u00e9-Marie Catta. Powiedzia\u0142 mu: \u201cW V\u00e9zelay byli\u015bmy u st\u00f3p Pana, jak Maria Magdalena, a teraz trzeba jecha\u0107 do Paray-le-Monial, \u017ceby dotrze\u0107 do Serca\u201d. Herv\u00e9-Marie by\u0142 zaskoczony, bo w\u0142a\u015bnie przeczyta\u0142 w \u201cDialogach\u201d \u015bwi\u0119tej Katarzyny ze Sieny, \u017ce Pan m\u00f3wi precyzyjnie o trzech etapach \u017cycia duchowego, trzech stopniach na drodze ku Niemu: stopy, serce i usta. Dla Piotra sta\u0142o si\u0119 to potwierdzeniem tego pomys\u0142u, ale musia\u0142 jeszcze przekona\u0107 odpowiedzialnych z innych wsp\u00f3lnot Odnowy, kt\u00f3rzy byli niech\u0119tni jechaniu do Paray-le-Monial. W tamtym czasie niemal nikt nie zna\u0142 tego ma\u0142ego miasta w Burgundii. Sanktuarium, kt\u00f3re by\u0142o bardzo ucz\u0119szczane pod koniec XIX wieku i w dwudziestoleciu mi\u0119dzywojennym, teraz by\u0142o opuszczone, opustosza\u0142e i porzucone.<\/p>\n<p>Kult Naj\u015bwi\u0119tszego Serca Pana Jezusa zosta\u0142 ca\u0142kowicie zapomniany. W 1975 \u017caden biskup francuski nie przyjecha\u0142 tam z pielgrzymk\u0105 z wiernymi, mimo \u017ce by\u0142a to trzechsetna rocznica wielkich objawie\u0144 Jezusa \u015bwi\u0119tej Ma\u0142gorzacie Marii.<\/p>\n<p>Ostatecznie oko\u0142o 1200 os\u00f3b uczestniczy\u0142o w dw\u00f3ch sesjach modlitewno-formacyjnych od 12 do 23 lipca 1975, zorganizowanych przez Wsp\u00f3lnot\u0119 Emmanuel, animowanych przez inne wsp\u00f3lnoty Odnowy. Podczas tych dw\u00f3ch tygodni miasteczko Naj\u015bwi\u0119tszego Serca Pana Jezusa prze\u017cy\u0142o swoj\u0105 now\u0105 m\u0142odo\u015b\u0107.<\/p>\n<p>Nauczania i wieczory odbywa\u0142y si\u0119 pod namiotem rozstawionym w parku sanktuarium, niedaleko roma\u0144skiej bazyliki, gdzie by\u0142a odprawiana Eucharystia i nieszpory. Przez ca\u0142\u0105 noc pielgrzymi przychodzili na adoracj\u0119 Naj\u015bwi\u0119tszego Sakramentu do kaplicy Si\u00f3str Nawiedzenia Naj\u015bwi\u0119tszej Maryi Panny, gdzie \u015bwi\u0119ta Ma\u0142gorzata Maria otrzyma\u0142a wielkie \u0142aski mistyczne.<\/p>\n<p>Kilka miesi\u0119cy p\u00f3\u017aniej biskup Gaidon zosta\u0142 mianowany prze\u0142o\u017conym kapelan\u00f3w w rezydencji w Paray-le-Monial. Wcze\u015bniej by\u0142 on biskupem pomocniczym diecezji Besan\u00e7on, a wielki kryzys, z jakim zmaga\u0142 si\u0119 wtedy Ko\u015bci\u00f3\u0142, doprowadzi\u0142 go do depresji. Po do\u015bwiadczeniu wylania Ducha \u015awi\u0119tego, zosta\u0142 ca\u0142kowicie odmieniony. By\u0142 bardzo poruszony, \u017ce Piotr Goursat chcia\u0142 odnowi\u0107 kult Naj\u015bwi\u0119tszego Serca Jezusa i przyj\u0105\u0142 z rado\u015bci\u0105 sesje, kt\u00f3re co roku Wsp\u00f3lnota Emmanuel organizowa\u0142a i kt\u00f3re z biegiem lat przyci\u0105ga\u0142y coraz wi\u0119ksze t\u0142umy, szczeg\u00f3lnie rodzin i dzieci.<\/p>\n<p>W ci\u0105gu kilku lat sanktuarium nabra\u0142o wigoru, przyci\u0105ga\u0142o mn\u00f3stwo pielgrzym\u00f3w i ponownie sta\u0142o si\u0119 bardzo znane w katolickim \u015bwiecie.<\/p>\n<p>Biskup Le Bourgeois z Autun, spotka\u0142 Piotra Goursat latem 1984 roku i zdecydowa\u0142 o powierzeniu Wsp\u00f3lnocie Emmanuel zarz\u0105dzania i animowania pielgrzymkami do Paray-le-Monial.<\/p>\n<p>Porozumienie w tej sprawie zosta\u0142o podpisane 20 pa\u017adziernika 1985. Zosta\u0142em wtedy mianowany zast\u0119pc\u0105 prze\u0142o\u017conego kapelan\u00f3w przy biskupie Gaidon, aby przygotowa\u0107 organizacj\u0119 ca\u0142o\u015bci.<\/p>\n<p>&nbsp;<\/p>\n<h3>2) Spotkanie z Janem Paw\u0142em II w Paray-le-Monial 5 pa\u017adziernika 1986<\/h3>\n<p>W tym samym 1985 roku Jan Pawe\u0142 II og\u0142osi\u0142, \u017ce przyjedzie do Francji w kolejnym roku i odwiedzi kilka miast. Ale w programie zaproponowanym przez biskup\u00f3w francuskich nie by\u0142o wizyty w Paray-le-Monial. Piotr Goursat zasugerowa\u0142 wtedy biskupowi Le Bourgeois zaproszenie tam Jana Paw\u0142a II, wiedz\u0105c o jego ogromnym przywi\u0105zaniu do Naj\u015bwi\u0119tszego Serca Pana Jezusa. W rezultacie papie\u017c zdecydowa\u0142 o odwiedzeniu dw\u00f3ch dodatkowych miejsc: Taiz\u00e9 i Paray-le-Monial.<\/p>\n<p>5 pa\u017adziernika 1986 oko\u0142o 150 000 os\u00f3b uczestniczy\u0142o w Mszy \u015awi\u0119tej, kt\u00f3r\u0105 Jan Pawe\u0142 II odprawi\u0142 w Paray-le-Monial. By\u0142a to msza wotywna o Naj\u015bwi\u0119tszym Sercu Pana Jezusa. Po modlitwie Anio\u0142 Pa\u0144ski papie\u017c powiedzia\u0142 kilka s\u0142\u00f3w od serca i podzi\u0119kowa\u0142 Wsp\u00f3lnocie Emmanuel. Poszed\u0142 p\u00f3\u017aniej pomodli\u0107 si\u0119 do bazyliki, do kaplicy objawie\u0144 i na gr\u00f3b \u015bwi\u0119tej Ma\u0142gorzaty Marii oraz na gr\u00f3b \u015bwi\u0119tego Klaudiusza La Colombi\u00e8re w kaplicy ojc\u00f3w jezuit\u00f3w. W kaplicy Nawiedzenia Jan Pawe\u0142 II spotka\u0142 si\u0119 z zakonnicami, kapelanami sanktuarium oraz z Piotrem Goursat i G\u00e9raldem Arbol\u0105, kt\u00f3ry by\u0142 pierwszym po Piotrze moderatorem Wsp\u00f3lnoty.<\/p>\n<p>Zwracaj\u0105c si\u0119 do Piotra papie\u017c powiedzia\u0142: \u201cDzi\u0119kuj\u0119 za za\u0142o\u017cenie Emmanuela!\u201d. Piotr przyjmowa\u0142 te s\u0142owa z ca\u0142\u0105 pokor\u0105, jako potwierdzenie wszystkiego, co przedsi\u0119wzi\u0105\u0142, aby ponownie wznieci\u0107 kult Naj\u015bwi\u0119tszego Serca Pana Jezusa i sprawi\u0107, aby jak najwi\u0119cej os\u00f3b pozna\u0142o mi\u0142o\u015b\u0107 Serca Jezusa. By\u0142 u \u017ar\u00f3de\u0142 odnowy sanktuarium w Paray-le-Monial i pozwoli\u0142, by to miasteczko zosta\u0142o g\u0142\u0119boko odmienione i odnowione, co kilka lat temu opisywa\u0142 mi mer miasta.<\/p>\n<p>Po \u015bmierci Piotra, na Msz\u0119 pogrzebow\u0105, odprawion\u0105 w Pary\u017cu 27 marca 1991 roku, zosta\u0142y wybrane teksty ze \u015bwi\u0119ta Naj\u015bwi\u0119tszego Serca Pana Jezusa. Nazajutrz, w Wielki Czwartek, zosta\u0142 pochowany w\u0142a\u015bnie w Paray-le-Monial, w cz\u0119\u015bci cmentarza oddanej przez samorz\u0105d Wsp\u00f3lnocie. Od tamtej pory wielu ju\u017c braci ze Wsp\u00f3lnoty i ich bliskich zosta\u0142o pochowanych w tym miejscu obok niego.<\/p>\n<p>&nbsp;<\/p>\n<h3>3) Serce Jezusa to esencja wiary chrze\u015bcija\u0144skiej<\/h3>\n<p>Piotr by\u0142 przekonany, \u017ce Wsp\u00f3lnota Emmanuel jest powo\u0142ana do s\u0142u\u017cenia w Paray-le-Monial, \u017ceby rozpowszechnia\u0107 kult Serca Jezusa i Mi\u0142o\u015b\u0107 Bo\u017c\u0105. T\u0142umaczy\u0142 to tak: \u201cW XVII wieku, wraz z Francusk\u0105 Szko\u0142\u0105 Duchowo\u015bci, mieli\u015bmy do czynienia z du\u017cym rozwojem mistyki. Nast\u0119pnie w XIX wieku, zupe\u0142nie zaniedbali\u015bmy temat mi\u0142o\u015bci Bo\u017cej, karykaturalnie przedstawiali\u015bmy Serce Boga. Naj\u015bwi\u0119tsze Serce Pana Jezusa nie jest nabo\u017ce\u0144stwem, ale istot\u0105 mi\u0142o\u015bci Boga. B\u00f3g tak umi\u0142owa\u0142 \u015bwiat, \u017ce da\u0142 swojego Syna jedynego, \u017ceby go zbawi\u0142. I to jest w\u0142a\u015bnie ta tajemnica mi\u0142o\u015bci, kt\u00f3ra zosta\u0142a objawiona, a Jezuici z ojcem La Colombi\u00e8re dobrze to zrozumieli i og\u0142osili j\u0105 ca\u0142emu \u015bwiatu\u201d<a href=\"#_ftn3\" name=\"_ftnref3\"><sup>[3]<\/sup><\/a>.<\/p>\n<p>Gdy w Pi\u015bmie \u015awi\u0119tym pojawia si\u0119 s\u0142owo \u201cserce\u201d, to wtedy, gdy m\u00f3wimy o emocjach, mi\u0142o\u015bci. Dla wi\u0119kszo\u015bci wierz\u0105cych Naj\u015bwi\u0119tsze Serce Jezusa jest \u201csymbolem\u201d mi\u0142o\u015bci boskiej. Dla Piotra by\u0142o czym\u015b znacznie wi\u0119cej. Serce Jezusa by\u0142o wyra\u017ceniem najwy\u017cszej mi\u0142o\u015bci Boga do nas, by\u0142o streszczeniem i esencj\u0105 wiary chrze\u015bcija\u0144skiej. Tak o tym m\u00f3wi\u0142:<\/p>\n<p>\u201cJe\u015bli jeste\u015bcie w Paray-le-Monial, to nie po to, by o\u017cywi\u0107 wasz\u0105 pobo\u017cno\u015b\u0107. Serce Jezusa jest fundamentalne, to ca\u0142a Ewangelia \u015bwi\u0119tego Jana. Ale te\u017c Dzieje Apostolskie. Wi\u0119c rzeczywi\u015bcie co\u015b bardzo wa\u017cnego\u201d<a href=\"#_ftn4\" name=\"_ftnref4\"><sup>[4]<\/sup><\/a>.<\/p>\n<p>W artykule w <em>Il est Vivant! <\/em>Piotr pisa\u0142 tak: \u201cSerce Jezusa przekracza znacznie to, co jest zwyk\u0142\u0105 pobo\u017cno\u015bci\u0105. To s\u0105 fundamenty naszej wiary, bo chodzi o Serce Boga, mi\u0142o\u015b\u0107 Boga, mi\u0142o\u015b\u0107 Tr\u00f3jcy \u015awi\u0119tej\u201d<a href=\"#_ftn5\" name=\"_ftnref5\"><sup>[5]<\/sup><\/a>.<\/p>\n<p>Te s\u0142owa Piotra Goursat rezonowa\u0142y z tym, o czym papie\u017c Pius XII pisa\u0142 w encyklice z 18 maja 1956 na stulecie ustanowienia \u015awi\u0119ta Naj\u015bwi\u0119tszego Serca Jezusa, gdzie przedstawia\u0142 kult Serca Jezusa \u201cjako najlepsz\u0105 szko\u0142\u0119 boskiej mi\u0142o\u015bci\u201d<a href=\"#_ftn6\" name=\"_ftnref6\"><sup>[6]<\/sup><\/a>.<\/p>\n<p>Tytu\u0142 <em>Haurietis aquas in Gaudio <\/em>przywo\u0142ywa\u0142 werset z Izajasza (Iz 12,3): \u201cWy za\u015b z weselem wod\u0119 czerpa\u0107 b\u0119dziecie ze zdroj\u00f3w zbawienia.\u201d Pius XII rozwin\u0105\u0142 w tej encyklice \u017ar\u00f3d\u0142a kultu Serca Jezusa pochodz\u0105ce z Pisma \u015awi\u0119tego Starego i Nowego Testamentu. Kluczowy jest ten fragment z Ewangelii \u015bwi\u0119tego Jana:<em> \u201c<\/em>Lecz gdy podeszli do Jezusa i zobaczyli, \u017ce ju\u017c umar\u0142, nie \u0142amali Mu goleni, tylko jeden z \u017co\u0142nierzy w\u0142\u00f3czni\u0105 przebi\u0142 Mu bok i natychmiast wyp\u0142yn\u0119\u0142a krew i woda\u201d (J 19,33-34).<\/p>\n<p>Otwarte Serce Jezusa na Krzy\u017cu wytryska wylaniem Ducha \u015awi\u0119tego obiecanym wszystkim spragnionym (por. J 7,37). Rana w Jego boku objawia <strong>autentyczno\u015b\u0107 Wcielenia, ale zarazem Jego bosko\u015b\u0107. <\/strong>I tak, jak rana zrobiona po \u015bmierci, nie mo\u017ce si\u0119 zabli\u017ani\u0107, ta Rana pozostaje otwarta na zawsze. Jest <strong>znakiem niesko\u0144czonej mi\u0142o\u015bci Boga do ludzi<\/strong>, jak Jezus to wyja\u015bni <strong>\u015bwi\u0119tej Katarzynie ze Sieny<\/strong>, gdy m\u00f3wi jej, \u017ce rana na Jego boku jest znakiem Mi\u0142o\u015bci Bo\u017cej, kt\u00f3ra jest niesko\u0144czona, nieograniczona i skierowana do wszystkich ludzi ze wszystkich czas\u00f3w. <strong>\u015awi\u0119ty Bonawentura<\/strong> tak pisa\u0142 o tej tajemnicy: \u201cJe\u015bli twoje serce zosta\u0142o zranione, to przez widoczn\u0105 ran\u0119 mo\u017cemy zobaczy\u0107 niewidzialn\u0105 ran\u0119 mi\u0142o\u015bci\u201d<a href=\"#_ftn7\" name=\"_ftnref7\"><sup>[7]<\/sup><\/a>.<\/p>\n<p>W tej encyklice Pius XII precyzowa\u0142, \u017ce w Sercu Chrystusa wsp\u00f3\u0142istniej\u0105 uczucia ludzkie i uczucia boskie. Rozr\u00f3\u017cnia\u0142 <strong>trzy stopnie mi\u0142o\u015bci: <\/strong>po pierwsze <strong>uczuciowa mi\u0142o\u015b\u0107 ludzka <\/strong>(to dziedzina uczu\u0107, kt\u00f3rych do\u015bwiadcza\u0142 Jezus jako istota ludzka); dalej <strong>duchowa mi\u0142o\u015b\u0107 ludzka <\/strong>(chodzi o \u017carliw\u0105 mi\u0142o\u015b\u0107 bratersk\u0105, kt\u00f3r\u0105 jest przepe\u0142niona wola cz\u0142owieka) i po trzecie <strong>mi\u0142o\u015b\u0107 duchowa boska<\/strong>, czyli odwieczna mi\u0142o\u015b\u0107 mi\u0119dzy Synem, Ojcem i Duchem \u015awi\u0119tym. Te trzy stopnie, t\u0142umaczy\u0142, tworz\u0105 <strong>\u201cmistyczn\u0105 drabin\u0119\u201d. <\/strong>I rozumiemy, \u017ce mo\u017cemy doj\u015b\u0107 do mi\u0142o\u015bci boskiej tylko przez ludzk\u0105 mi\u0142o\u015b\u0107 Serca Jezusowego. Adoruj\u0105c i kontempluj\u0105c Serce Jezusa, jeste\u015bmy tajemniczo wprowadzani na \u0142ono Tr\u00f3jcy \u015awi\u0119tej.<\/p>\n<p>&nbsp;<\/p>\n<h3>4) Objawienia Jezusa \u015bwi\u0119tej Ma\u0142gorzacie Marii (1673-1675)<\/h3>\n<p>Po raz pierwszy Jezus objawi\u0142 si\u0119 \u015bwi\u0119tej Ma\u0142gorzacie Marii <strong>27 grudnia 1673. <\/strong>Pisze ona tak: \u201cTo boskie Serce zosta\u0142o mi objawione jako tron z p\u0142omieni, bardziej promienne ni\u017c s\u0142o\u0144ce i przezroczyste, z t\u0105 godn\u0105 uwielbienia ran\u0105 i by\u0142o otoczone koron\u0105 cierniow\u0105, co oznacza\u0142o zranienia uczynione przez nasze grzechy, a ponad nimi krzy\u017c, kt\u00f3ry oznacza\u0142, \u017ce od pierwszych chwil Wcielenia, czyli od momentu gdy Naj\u015bwi\u0119tsze Serce zosta\u0142o uformowane, Krzy\u017c by\u0142 ju\u017c w nie wpisany\u201d<a href=\"#_ftn8\" name=\"_ftnref8\"><sup>[8]<\/sup><\/a>. Podczas tego objawienia Jezus tak do niej m\u00f3wi: \u201cMoje boskie Serce jest tak przepe\u0142nione \u017carliw\u0105 mi\u0142o\u015bci\u0105 do ludzi i do ciebie szczeg\u00f3lnie, \u017ce nie mo\u017ce ju\u017c zatrzyma\u0107 w sobie jej p\u0142omieni. Trzeba, aby rozprzestrzeni\u0142a si\u0119 ona przez ciebie i aby objawi\u0142a si\u0119 im i wzbogaci\u0142a ich bezcennymi skarbami, kt\u00f3re przed tob\u0105 odkrywam\u201d.<\/p>\n<p>16 czerwca 1675 roku Ma\u0142gorzata modli\u0142a si\u0119 w kaplicy przed tabernakulum. W\u00f3wczas Pan Jezus skierowa\u0142 do ca\u0142ej ludzko\u015bci nast\u0119puj\u0105ce s\u0142owa: \u201eOto Serce, kt\u00f3re tak ogromnie umi\u0142owa\u0142o ludzi, \u017ce niczego nie szcz\u0119dzi\u0142o, a\u017c do zupe\u0142nego wyniszczenia Siebie, dla okazania im Swej mi\u0142o\u015bci, a jednak w zamian za to doznaje od wi\u0119kszo\u015bci ludzi gorzkiej niewdzi\u0119czno\u015bci, wzgardy, nieuszanowania, lekcewa\u017cenia, ozi\u0119b\u0142o\u015bci i \u015bwi\u0119tokradztw, jakie Mi oddaj\u0105 w tym Sakramencie Mi\u0142o\u015bci.\u201d Jezus odnosi\u0142 si\u0119 tu do Eucharystii.<\/p>\n<p>Ju\u017c w 1674 Jezus skar\u017cy\u0142 si\u0119 swojej powiernicy z tego, \u017ce ludzie nie odwzajemniaj\u0105 Jego Mi\u0142o\u015bci, mimo wszystkiego, co zni\u00f3s\u0142 dla naszego zbawienia. Podczas gdy serce cz\u0142owieka sta\u0142o si\u0119 zimne do tego stopnia, by os\u0142abi\u0107 wiar\u0119 i zapa\u0142 chrze\u015bcija\u0144ski, on przekazuje \u015bwi\u0119tej Ma\u0142gorzacie Marii \u201cp\u0142on\u0105cy ogie\u0144\u201d boskiej mi\u0142o\u015bci, kt\u00f3rego Jego Serce nie mo\u017ce ju\u017c pomie\u015bci\u0107. To krzyk mi\u0142o\u015bci, kt\u00f3ry wydobywa si\u0119 z p\u0142uc Jezusa. Jezus m\u00f3wi\u0142, \u017ce <strong>najwi\u0119kszym grzechem cz\u0142owieka jest oboj\u0119tno\u015b\u0107, <\/strong>a najwi\u0119kszym z\u0142em jest zapomnienie, negacja mi\u0142o\u015bci. Chrystus chcia\u0142, by\u015bmy zrozumieli, \u017ce to <strong>ogromne \u201cpragnienie mi\u0142o\u015bci\u201d, <\/strong>kt\u00f3rego doznaje w stosunku do wszystkich ludzi, mo\u017ce by\u0107 ugaszone tylko, je\u015bli u\u015bwiadomimy sobie t\u0119 \u201cszalon\u0105\u201d mi\u0142o\u015b\u0107, kt\u00f3r\u0105 Jezus objawi\u0142 nam w najwy\u017cszym stopniu oddaj\u0105c za nas Swe \u017cycie na Krzy\u017cu.<\/p>\n<p>Piotr Goursat mocno do\u015bwiadcza\u0142 tego cierpienia Jezusa. W 1975 roku m\u00f3wi\u0142 o tym tak: \u201cTo Serce Boga, kt\u00f3re sta\u0142o si\u0119 sercem z cia\u0142a, cierpi za nas a\u017c do wieczno\u015bci. Ta mi\u0142o\u015b\u0107 cierpi, bo jest niezrozumiana. Mi\u0142o\u015b\u0107, kt\u00f3ra chce si\u0119 oddawa\u0107 ka\u017cdej, nawet zamkni\u0119tej, duszy. Ta mi\u0142o\u015b\u0107 chce wype\u0142nia\u0107 przynajmniej te dusze, kt\u00f3re to rozumiej\u0105 i j\u0105 przyjmuj\u0105\u201d<a href=\"#_ftn9\" name=\"_ftnref9\"><sup>[9]<\/sup><\/a>.<\/p>\n<p>W kolejnym roku, opublikowa\u0142 artyku\u0142, gdzie zaprasza\u0142, by Jezusowi odp\u0142aci\u0107 \u201cmi\u0142o\u015bci\u0105 za mi\u0142o\u015b\u0107\u201d. Pisa\u0142 tak: \u201cSerce Boga a\u017c dusi si\u0119 z mi\u0142o\u015bci, a cz\u0142owiek nie chce da\u0107 si\u0119 ukocha\u0107, bo boi si\u0119 tej Mi\u0142o\u015bci. Nic bardziej nie mo\u017ce zrani\u0107 Boga, ni\u017c nasz l\u0119k przed Jego mi\u0142osiern\u0105 Mi\u0142o\u015bci\u0105. Nie mo\u017cna ba\u0107 si\u0119 mi\u0142osierdzia, nie mo\u017cna ba\u0107 si\u0119 Serca Boga poruszonego nasz\u0105 n\u0119dz\u0105\u201d<a href=\"#_ftn10\" name=\"_ftnref10\"><sup>[10]<\/sup><\/a>.<\/p>\n<p>Piotr Goursat m\u00f3wi\u0142 cz\u0119sto o Sercu Jezusa i s\u0142uchaj\u0105c go, widzieli\u015bmy, jak bardzo kocha to Serce, jak wielka intymno\u015b\u0107 \u0142\u0105czy go z Panem. Piotr odcina\u0142 si\u0119 mocno od dawnych form pobo\u017cno\u015bci, naznaczonych surowo\u015bci\u0105 i doloryzmem, uwznio\u015blaniem cierpienia, kt\u00f3rych nie znosi\u0142. Nie by\u0142o w jego nauczaniu nic z pi\u0119knoduchostwo, prostej uczuciowo\u015bci, nie czu\u0142o si\u0119 te\u017c zupe\u0142nie jakiego\u015b zaduchu i zamkni\u0119cia! Piotr stara\u0142 si\u0119 bez przerwy przekazywa\u0107 nam mi\u0142o\u015b\u0107, kt\u00f3r\u0105 p\u0142on\u0105\u0142 dla Serca Jezusowego. I gdy naucza\u0142 nas, by\u015bmy pozwolili si\u0119 rozpali\u0107 tej mi\u0142o\u015bci Bo\u017cej, to zawsze by\u0142o w po\u0142\u0105czeniu z Naj\u015bwi\u0119tszym Sercem. Wielokrotnie Jezus pokazywa\u0142 \u015bwi\u0119tej Ma\u0142gorzacie Marii Swoje Serce w p\u0142omieniach. Piotr zaprasza\u0142 nas do rzucenia si\u0119 w ten <strong>\u201cgorej\u0105cy \u017car mi\u0142o\u015bci\u201d. <\/strong>Mawia\u0142: \u201cTrzeba prosi\u0107 Pana, aby rozpali\u0142 nam ogie\u0144 w sercu. <strong>Trzeba si\u0119 rzuci\u0107 w to Serce, bo jest tam \u017carliwy p\u0142omie\u0144, kt\u00f3ry chce nam si\u0119 udziela\u0107! <\/strong>I wtedy p\u0142oniemy jak g\u0142ownia. Ale je\u015bli si\u0119 spalamy z mi\u0142o\u015bci, to zupe\u0142nie co innego!\u201d<a href=\"#_ftn11\" name=\"_ftnref11\"><sup>[11]<\/sup><\/a>.<\/p>\n<p>Piotr m\u00f3wi\u0142, \u017ce <strong>najpewniejszym \u015brodkiem, by sta\u0107 si\u0119 pokornym jest uczy\u0107 si\u0119 od Serca Jezusowego: <\/strong>\u201cZaprawd\u0119 droga Pana, to Jezus cichy i pokornego serca. To jest niezwyk\u0142a droga. Je\u015bli jeste\u015bmy cisi i pokornego serca, On spokojnie i \u0142agodnie przebije nasze serca. I otrzymamy strumienie wody \u017cywej wsp\u00f3\u0142odczuwania. I zostaniemy uniesieni do \u017cycia wiecznego\u201d<a href=\"#_ftn12\" name=\"_ftnref12\"><sup>[12]<\/sup><\/a><em>.<\/em><\/p>\n<p>Cz\u0119sto cytowa\u0142 ten fragment Ewangelii (Mt 11,28-29): \u201cPrzyjd\u017acie do Mnie wszyscy, kt\u00f3rzy utrudzeni i obci\u0105\u017ceni jeste\u015bcie, a Ja was pokrzepi\u0119. We\u017acie moje jarzmo na siebie i uczcie si\u0119 ode Mnie, bo jestem cichy i pokorny sercem, a znajdziecie ukojenie dla dusz waszych.\u201d<\/p>\n<p>Pewnego dnia Piotr modli\u0142 si\u0119 przed tabernakulum, z Pismem \u015awi\u0119tym otwartym na kolanach i jeden z braci ze Wsp\u00f3lnoty zapyta\u0142 go, co robi. Piotr odpowiedzia\u0142: \u201cCzytam te s\u0142owa: &lt;&lt;uczcie si\u0119 ode mnie, bo jestem cichy i pokorny sercem&gt;&gt;, oto w\u0142a\u015bnie, co robi\u0119, jestem w szkole Serca Jezusowego, staram si\u0119 nauczy\u0107.\u201d<\/p>\n<p>&nbsp;<\/p>\n<h2><span style=\"color: #ffcc00;\"><strong>II) Powierzy\u0107 si\u0119 Maryi, naszej matce<\/strong><\/span><\/h2>\n<p>Wielka mi\u0142o\u015b\u0107, kt\u00f3r\u0105 Piotr Goursat darzy\u0142 Serce Jezusa, by\u0142a dla niego nierozerwalnie zwi\u0105zana z mi\u0142o\u015bci\u0105, kt\u00f3r\u0105 darzy\u0142 Maryj\u0119, podobnie jak by\u0142y niemo\u017cliwe do rozdzielenia jego przywi\u0105zanie do sanktuari\u00f3w w Paray-le-Monial i w Lourdes, gdzie je\u017adzi\u0142 si\u0119 modli\u0107 co roku.<\/p>\n<p><strong>\u00a0<\/strong><\/p>\n<h3>1) Pod opiek\u0105 Maryi w czasie drugiej wojny \u015bwiatowej<\/h3>\n<p>W czasie dzieci\u0144stwa Piotr zosta\u0142 naznaczony mi\u0142o\u015bci\u0105, kt\u00f3r\u0105 jego matka mia\u0142a do Naj\u015bwi\u0119tszej Panienki: \u201cStale modli\u0142a si\u0119 r\u00f3\u017ca\u0144cem\u201d, m\u00f3wi\u0142. Ucz\u0119szcza\u0142 do szko\u0142y prywatnej prowadzonej przez Ojc\u00f3w Marianist\u00f3w, w Sainte-Marie de Monceau, gdzie otrzyma\u0142 podstawy edukacji religijnej. Piotr opowiada\u0142: \u201cNosi\u0142em pi\u0119kny srebrny medalik Maryi z rue du Bac<a href=\"#_ftn13\" name=\"_ftnref13\"><sup>[13]<\/sup><\/a>, kt\u00f3ry dosta\u0142em na pierwsz\u0105 komuni\u0119. I tak Maryja mnie chroni\u0142a\u201d<a href=\"#_ftn14\" name=\"_ftnref14\"><sup>[14]<\/sup><\/a>.<\/p>\n<p>Piotr Goursat nawr\u00f3ci\u0142 si\u0119 w wieku lat 19, ale nadal nie zdawa\u0142 sobie sprawy z tego, jak wa\u017cna jest Maryja. Tak powiedzia\u0142 pewnego dnia do ksi\u0119dza Jacquesa Goursat, swojego kuzyna: \u201cMam Serce Jezusa, nie potrzebuj\u0119 Maryi\u201d. On odpowiedzia\u0142 mu: \u201cNawr\u00f3ci\u0142e\u015b si\u0119, otrzyma\u0142e\u015b \u0142ask\u0119 przywi\u0105zania do Serca Jezusowego, zatem i Maryja przyjdzie stopniowo do twojego \u017cycia\u201d. Piotr doda\u0142: \u201cI tak si\u0119 sta\u0142o. Wchodzi\u0142a do mojego serca, krok po kroku, delikatnie. Ale pewien du\u017cy krok uczyni\u0142a dzi\u0119ki wydarzeniu, kt\u00f3re mia\u0142o miejsce w 1944 roku\u201d. Wspomina\u0142 o do\u015bwiadczeniu, kt\u00f3re prze\u017cy\u0142 w czasie, gdy Pary\u017c by\u0142 pod okupacj\u0105 armii niemieckiej. Wraca\u0142 do domu z przyjaci\u00f3\u0142k\u0105, Elisabeth Dumont. Oto \u015bwiadectwo Piotra:<\/p>\n<p>\u201cPrzechodzi\u0142em przez ulic\u0119, gdy odkryty samoch\u00f3d niemiecki przeje\u017cd\u017ca\u0142 z jednym \u017co\u0142nierzem. Musia\u0142em odskoczy\u0107 i spontanicznie, troch\u0119 z\u0142y, powiedzia\u0142em g\u0142o\u015bno: &lt;&lt;Idiota!&gt;&gt; Nie wiedzia\u0142em, \u017ce w j\u0119zyku niemieckim to s\u0142owo te\u017c istnieje, ale ma mocniejszy sens. Poszed\u0142em dalej, gdy us\u0142ysza\u0142em, \u017ce samoch\u00f3d hamuje. By\u0142em na chodniku i nie chcia\u0142em si\u0119 odwraca\u0107, ale us\u0142ysza\u0142em Niemca, kt\u00f3ry wyskakuje z auta, podchodzi do mnie, k\u0142adzie r\u0119k\u0119 na moim ramieniu m\u00f3wi\u0105c: &lt;&lt;Idiot! Kommandatur!&gt;&gt; Wyrwa\u0142em mu si\u0119 i pu\u015bci\u0142em si\u0119 biegiem. Potem mi opowiadano, \u017ce wyj\u0105\u0142 pistolet i wycelowa\u0142 we mnie. Ju\u017c mia\u0142 nacisn\u0105\u0107 spust, gdy jaka\u015b kobieta krzykn\u0119\u0142a. To go zaskoczy\u0142o, nie wystrzeli\u0142, ale rzuci\u0142 si\u0119 w pogo\u0144 za mn\u0105, z pistoletem w d\u0142oni. Mia\u0142em ma\u0142\u0105 przewag\u0119 i bieg\u0142em na tyle szybko, \u017ce zgubi\u0142em buty. Za zakr\u0119tem wpad\u0142em do mojej bramy i zamkn\u0105\u0142em j\u0105 za sob\u0105. Ale nie by\u0142o zamka, wystarczy\u0142o popchn\u0105\u0107, \u017ceby j\u0105 otworzy\u0107. \u017bo\u0142nierz wpad\u0142 przez bram\u0119, gdy ja ju\u017c wbiega\u0142em pe\u0142n\u0105 pr\u0119dko\u015bci\u0105 po schodach. Chcia\u0142em schroni\u0107 si\u0119 u siebie w mieszkaniu na pierwszym pi\u0119trze. Ale on ju\u017c otworzy\u0142 drzwi i nie mia\u0142em dostatecznej przewagi nad nim, \u017ceby mnie nie zobaczy\u0142. W tym momencie str\u00f3\u017c, kt\u00f3ry us\u0142ysza\u0142 ha\u0142as, wyszed\u0142 na schody i znalaz\u0142 si\u0119 oko w oko z Niemcem i jego pistoletem. Przez kr\u00f3tki moment odwr\u00f3ci\u0142 uwag\u0119 Niemca i nie widzia\u0142 on, \u017ce wchodz\u0119 na pierwsze pi\u0119tro. Ale ja tego nie wiedzia\u0142em. By\u0142em w moim mieszkaniu. My\u015bla\u0142em, \u017ceby wyskoczy\u0107 przez okno, ale w samych skarpetkach to do\u015b\u0107 trudne. Popatrzy\u0142em przez okno. By\u0142o tam mn\u00f3stwo ludzi. Schowa\u0142em si\u0119 wi\u0119c w toalecie, a raczej pr\u00f3bowa\u0142em, bo nie mia\u0142em gdzie si\u0119 tam ukry\u0107. Czeka\u0142em na Niemca i by\u0142em pewien, \u017ce mnie odnajdzie. <strong>W tym momencie, w sercu us\u0142ysza\u0142em g\u0142os, bardzo jasny, pochodz\u0105cy od Maryi: &lt;&lt;B\u0105d\u017a spokojny, jeste\u015b uratowany&gt;&gt;. To by\u0142o bardzo jasne i nie mog\u0142em w to w\u0105tpi\u0107. <\/strong>Po ludzku, by\u0142em pewien, \u017ce b\u0119dzie wr\u0119cz przeciwnie. S\u0142ysza\u0142em ju\u017c kroki w korytarzu, tam i z powrotem. To by\u0142a \u00c9lisabeth. Powiedzia\u0142a do mnie: &lt;&lt;Poszed\u0142 sobie&gt;&gt;\u201d<a href=\"#_ftn15\" name=\"_ftnref15\"><sup>[15]<\/sup><\/a>.<\/p>\n<p>\u00c9lisabeth Dumont opowiada\u0142a, \u017ce Piotr m\u00f3g\u0142 potem uciec w spos\u00f3b zupe\u0142nie opatrzno\u015bciowy i ukry\u0107 si\u0119, a\u017c do wyzwolenia Pary\u017ca: \u201cWr\u00f3ci\u0142 do siebie, ja by\u0142am ju\u017c w domu, otworzy\u0142 drzwi ukryte w \u015bcianie, kt\u00f3ra wychodzi\u0142a na podw\u00f3rko s\u0105siedniego domu i sta\u0142a tam drabina, dzi\u0119ki temu m\u00f3g\u0142 uciec. Uciek\u0142 w spos\u00f3b zupe\u0142nie opatrzno\u015bciowy dzi\u0119ki tej drabinie. By\u0142a tam du\u017ca krata, kt\u00f3ra dzieli\u0142a podw\u00f3rko dw\u00f3ch dom\u00f3w na p\u00f3\u0142, co pozwoli\u0142o mu przej\u015b\u0107 przez drug\u0105 bram\u0119, wychodz\u0105c\u0105 na inn\u0105 ulic\u0119, tu\u017c przy metrze. W ten spos\u00f3b m\u00f3g\u0142 si\u0119 rozp\u0142yn\u0105\u0107 w metrze i znikn\u0105\u0107. Poszed\u0142 do mojej cioci, na rue de la Pompe, gdzie pozosta\u0142 przez kolejne pi\u0119tna\u015bcie dni czy trzy tygodnie, w oczekiwaniu, a\u017c ta sprawa ucichnie, a potem wr\u00f3ci\u0142 do hotelu. To by\u0142o tu\u017c przed wyzwoleniem [&#8230;]. Zawsze my\u015bla\u0142am o tym jak o cudzie\u201d<a href=\"#_ftn16\" name=\"_ftnref16\"><sup>[16]<\/sup><\/a>.<\/p>\n<p>To wydarzenie na zawsze zosta\u0142o w pami\u0119ci Piotra i jeszcze wzmog\u0142o jego mi\u0142o\u015b\u0107 do Maryi. Do\u015bwiadczy\u0142 w spos\u00f3b konkretny Jej obecno\u015bci i by\u0142 przekonany, \u017ce Maryja interweniowa\u0142a tego dnia, aby go chroni\u0107. Od tej pory Piotr odczuwa\u0142 wi\u0119ksz\u0105 blisko\u015b\u0107 z Maryj\u0105 i zawsze oddawa\u0142 si\u0119 Jej w pe\u0142nym zaufaniu.<\/p>\n<p>&nbsp;<\/p>\n<h3>2) Piotr zrozumia\u0142 wtedy, \u017ce Serca Jezusa i Maryi s\u0105 niezwykle mocno po\u0142\u0105czone.<\/h3>\n<p>Tak nam o tym opowiada\u0142: \u201cDo\u015bwiadcza\u0142em coraz wi\u0119cej mi\u0142o\u015bci do Maryi i ze \u015bwi\u0119tym Janem Eudes zrozumia\u0142em, \u017ce jest tylko jedno Serce &#8211; Serce Jezusa i Maryi\u201d<a href=\"#_ftn17\" name=\"_ftnref17\"><sup>[17]<\/sup><\/a>.<\/p>\n<p>Piotr Goursat wr\u00f3ci\u0142 do tego tematu podczas swojego ostatniego publicznego nauczania w Barcelonie 29 maja 1988 roku, gdy m\u00f3wi\u0142 o Zwiastowaniu i proroctwie starca Symeona wyg\u0142oszonym do Maryi podczas Ofiarowania Jezusa w \u015awi\u0105tyni: \u201cOto Ten przeznaczony jest na upadek i na powstanie wielu w Izraelu, i na znak, kt\u00f3remu sprzeciwia\u0107 si\u0119 b\u0119d\u0105. A Twoj\u0105 dusz\u0119 miecz przeniknie, aby na jaw wysz\u0142y zamys\u0142y serc wielu\u201d (\u0141k 2,34-35).<\/p>\n<p>Piotr tak to t\u0142umaczy\u0142: \u201cW czasie Zwiastowania Jezus by\u0142 ma\u0142ym embrionem. Kilka dni po pocz\u0119ciu jego serce zacz\u0119\u0142o bi\u0107. Od tego momentu m\u00f3wi on: &lt;&lt;Oto jestem Panie, aby pe\u0142ni\u0107 Twoj\u0105 wol\u0119&gt;&gt;. Wol\u0105 Ojca jest, by Jego Syn odda\u0142 si\u0119 w ofierze. Ogromna intymno\u015b\u0107 \u0142\u0105czy Maryj\u0119 i Jezusa. Maryja rozumie, \u017ce Jej Syn ofiaruje si\u0119 w ofierze. Nied\u0142ugo po narodzinach id\u0105 do Jerozolimy. I tam starzec Symeon m\u00f3wi do Maryi, \u017ce miecz przebije jej serce. W rzeczywisto\u015bci te s\u0142owa pokazuj\u0105 nam jedno\u015b\u0107 mi\u0119dzy Sercem Jezusa a sercem Maryi. Dlatego \u015bwi\u0119ty Jan Eudes m\u00f3wi\u0142, \u017ce Serce Jezusa i serce Maryi tworz\u0105 jedno Serce. Trudno to zrozumie\u0107, bo mamy serce ludzkie Maryi i boskie Jezusa\u201d<a href=\"#_ftn18\" name=\"_ftnref18\"><sup>[18]<\/sup><\/a>.<\/p>\n<p>&nbsp;<\/p>\n<h3>3) Wzywa\u0107 Maryj\u0119, kt\u00f3ra jest nam bliska i prowadzi nas do Syna<\/h3>\n<p>Piotr Goursat m\u00f3wi\u0142 cz\u0119sto o Maryi. Teraz kr\u00f3tko przedstawi\u0119 wam 6 temat\u00f3w, kt\u00f3re rozwija\u0142 w swoich nauczaniach, t\u0142umacz\u0105c, w czym konkretnie Maryja mo\u017ce nam pom\u00f3c w naszym \u017cyciu.<\/p>\n<p><strong>Pierwszy temat: Maryja uczy nas modli\u0107 si\u0119 i medytowa\u0107 S\u0142owo Bo\u017ce<\/strong><\/p>\n<p>Z Maryj\u0105 Piotr medytowa\u0142 S\u0142owo Bo\u017ce. W osobistych notatkach pisa\u0142 tak:<\/p>\n<p>\u201cDziewica medytowa\u0142a wszystkie te s\u0142owa w swoim sercu, prze\u017cywa\u0142a je w swoim sercu, a gdzie my medytujemy to, co jest nam m\u00f3wione. Przypominamy sobie, szukamy, pr\u00f3bujemy zrozumie\u0107\u201d<a href=\"#_ftn19\" name=\"_ftnref19\"><sup>[19]<\/sup><\/a>.<\/p>\n<p>Mawia\u0142 te\u017c: \u201cProsz\u0119 was, aby\u015bcie nosili te wszystkie rzeczy w waszym sercu, jak to robi\u0142a Dziewica Maryja. Wtedy poczujecie, do jakiego stopnia Pan kocha nas mi\u0142o\u015bci\u0105 czu\u0142\u0105 i siln\u0105. I b\u0119dziecie \u017cy\u0107 t\u0105 prawd\u0105\u201d<a href=\"#_ftn20\" name=\"_ftnref20\"><sup>[20]<\/sup><\/a>.<\/p>\n<p><strong>Drugi temat: Maryja uczy nas pokory<\/strong><\/p>\n<p>Piotr by\u0142 g\u0142\u0119boko poruszony <strong>pokor\u0105 Maryi. <\/strong>Tak zwraca\u0142 si\u0119 do Niej: \u201cMaryjo, naucz mnie pokory. Jeste\u015b triumfem pokory\u201d. I t\u0142umaczy\u0142 nam: <strong>Maryja jest dla nas bardzo wa\u017cna, bo jest wzorem pokory, czysto\u015bci i pokory. <\/strong>To nam pokazuje, jak zbli\u017ca\u0107 si\u0119 do Pana\u201d<a href=\"#_ftn21\" name=\"_ftnref21\"><sup>[21]<\/sup><\/a>.<\/p>\n<p>Piotr potwierdza\u0142 te\u017c: \u201cMaryja jest czyst\u0105 pokor\u0105, jest pe\u0142n\u0105 czysto\u015bci\u0105. I je\u015bli prosimy Maryj\u0119, to ona nam pomaga. Ale trzeba J\u0105 poprosi\u0107. Wtedy schowani pod p\u0142aszczem Maryi idziemy przez ten \u015bwiat\u201d<a href=\"#_ftn22\" name=\"_ftnref22\"><sup>[22]<\/sup><\/a>.<\/p>\n<p><strong>Trzeci temat: Maryja uczy nas \u017cy\u0107 wsp\u00f3\u0142odczuwaniem <\/strong><\/p>\n<p>Piotr przypomina\u0142, \u017ce Maryja jest dla nas wzorem wsp\u00f3\u0142odczuwania. Pisa\u0142: \u201cProwadz\u0105c nas do Swojego Syna Ukrzy\u017cowanego, Maryja, Matka Boga, zaprasza nas do \u017cycia wsp\u00f3\u0142odczuwaniem\u201d<a href=\"#_ftn23\" name=\"_ftnref23\"><sup>[23]<\/sup><\/a>. Maryja towarzyszy nam w momentach pr\u00f3by: \u201cOna chce nas umacnia\u0107, nas pociesza\u0107, nam pomaga\u0107 [&#8230;]. Podczas agonii Jezusa, Maryja by\u0142a przy Nim. Z Nim cierpia\u0142a na Krzy\u017cu. Miecz bole\u015bci przeszy\u0142 Jej serce i Ona ofiarowa\u0142a je za wszystkie grzechy [&#8230;]. Ona zna wszystkie cierpienia\u201d<a href=\"#_ftn24\" name=\"_ftnref24\"><sup>[24]<\/sup><\/a>. M\u00f3wi\u0142 te\u017c: \u201cPopro\u015bcie, by Pan was spali\u0142, by Was przemieni\u0142, \u017ceby da\u0142 wam dusz\u0119, kt\u00f3ra b\u0119dzie wsp\u00f3\u0142odczuwa\u0107 z Maryj\u0105\u201d<a href=\"#_ftn25\" name=\"_ftnref25\"><sup>[25]<\/sup><\/a>.<\/p>\n<p>Piotr rozwija\u0142 to w r\u00f3\u017cnych nauczaniach: \u201c<strong>Pro\u015bcie Maryj\u0119, kt\u00f3ra jest Matk\u0105 wsp\u00f3\u0142odczuwania, \u017ceby was tego wsp\u00f3\u0142odczuwania nauczy\u0142a\u201d<\/strong><a href=\"#_ftn26\" name=\"_ftnref26\"><sup>[26]<\/sup><\/a><em>.\u00a0 <\/em><\/p>\n<p>Albo: \u201cTo wa\u017cne, by prosi\u0107 Maryj\u0119, kt\u00f3ra \u017cyje u st\u00f3p Krzy\u017ca Jezusa, kt\u00f3ra cierpi i kt\u00f3ra wsp\u00f3\u0142odczuwa bez przerwy z Nim\u2026 <strong>Ona nas nauczy wsp\u00f3\u0142odczuwania. <\/strong>I to wsp\u00f3\u0142odczuwanie to s\u0105 te ma\u0142e wyrzeczenia, kt\u00f3re robimy dla u\u015bwi\u0119cenia si\u0119, dla nawr\u00f3cenia dusz [&#8230;]. Dlatego trzeba o to prosi\u0107 Maryj\u0119, bo to jest tajemnica macierzy\u0144stwa. Prawdziwie ona nas rodzi w cierpieniu\u201d<a href=\"#_ftn27\" name=\"_ftnref27\"><sup>[27]<\/sup><\/a>.<\/p>\n<p><strong>Czwarty temat\u00a0:\u00a0 <em>\u00a0<\/em>Maryja nas chroni w walce duchowej<\/strong><\/p>\n<p>Piotr Goursat mia\u0142 \u017cyw\u0105 \u015bwiadomo\u015b\u0107 walki duchowej, kt\u00f3ra toczy si\u0119 w \u015bwiecie i cz\u0119sto wyja\u015bnia\u0142, \u017ce odniesiemy zwyci\u0119stwo przez Maryj\u0119. Nawi\u0105zuj\u0105c do rozdzia\u0142u 12 Apokalipsy \u015bwi\u0119tego Jana, m\u00f3wi\u0142: \u201cTo oczywiste, \u017ce coraz wi\u0119cej jest wok\u00f3\u0142 nas walki duchowej. To naprawd\u0119 jest walka ze Smokiem. To kobieta i smok, to Maryja, kt\u00f3ra zwyci\u0119\u017ca smoka i kt\u00f3ra go zwyci\u0119\u017ca na ca\u0142ym \u015bwiecie\u201d<a href=\"#_ftn28\" name=\"_ftnref28\"><sup>[28]<\/sup><\/a>. Przyznawa\u0142 te\u017c: \u201cWalka duchowa b\u0119dzie nam stale towarzyszy\u0107, bo Szatan spuszczony z \u0142a\u0144cucha walczy przeciwko nam, ale Maryja nas ochroni\u201d<a href=\"#_ftn29\" name=\"_ftnref29\"><sup>[29]<\/sup><\/a>.<\/p>\n<p>Piotr by\u0142 zatroskany o los rodzin i prosi\u0142 nas, by\u015bmy modlili si\u0119, \u017ceby \u201crodziny zosta\u0142y odnowione w mi\u0142o\u015bci\u201d. Tak o tym m\u00f3wi\u0142: \u201cTo oczywiste, \u017ce aktualnie mamy do czynienia z atakami na rodzin\u0119. Dlatego trzeba si\u0119 modli\u0107. Naprawd\u0119 trzeba si\u0119 modli\u0107\u2026 Maryja zajmuje si\u0119 tymi atakami demona. Maryja si\u0119 nimi zajmuje i zajmuje si\u0119 dobrze\u201d<a href=\"#_ftn30\" name=\"_ftnref30\"><sup>[30]<\/sup><\/a>.<\/p>\n<p>Piotr mia\u0142 ogromn\u0105 wiar\u0119 we wstawiennictwo i ochron\u0119 Maryi. W przypadku przeciwno\u015bci na swojej drodze, by\u0142 absolutnie spokojny: \u201cMaryja si\u0119 wszystkim zajmie\u201d, mawia\u0142. Gdy r\u00f3\u017cne sytuacje ca\u0142kowicie si\u0119 blokowa\u0142y, nasila\u0142a si\u0119 walka duchowa, zaprasza\u0142 wsp\u00f3\u0142pracownik\u00f3w, \u017ceby wybrali si\u0119 z nim do bazyliki Notre-Dame des Victoires albo do kaplicy Cudownego Medalika, na rue du Bac. Tak t\u0142umaczy\u0142 to pewnego dnia: \u201cTo Maryja buduje Wsp\u00f3lnot\u0119 i Maryja jest naprawd\u0119 stra\u017cniczk\u0105 Wsp\u00f3lnoty [&#8230;]. Wszyscy to czujemy, Maryja jest jak znak wodny na ka\u017cdym naszym do\u015bwiadczeniu. Jest naszym p\u0142aszczem, jeste\u015bmy chronieni\u201d<a href=\"#_ftn31\" name=\"_ftnref31\"><sup>[31]<\/sup><\/a>.<\/p>\n<p>Piotr modli\u0142 si\u0119 r\u00f3\u017ca\u0144cem z ogromnym zaanga\u017cowaniem i m\u00f3wi\u0142, \u017ce \u201cjest on jak lasso, kt\u00f3re zamyka pyski psom\u201d. To aluzja do demona, kt\u00f3ry \u201cwpada w absolutne tch\u00f3rzostwo, paniczny strach przed Maryj\u0105\u201d<a href=\"#_ftn32\" name=\"_ftnref32\"><sup>[32]<\/sup><\/a>. Piotr m\u00f3wi\u0142 te\u017c: <strong>\u201cJeste\u015bmy pewni zwyci\u0119stwa, jeste\u015bmy zwyci\u0119zcami dzi\u0119ki Maryi <\/strong>[&#8230;]. Zapominamy o istnieniu demona\u201d. I dodawa\u0142: \u201cA B\u00f3g [&#8230;] wzi\u0105\u0142 to dziecko, najpokorniejsze ze stworze\u0144 i najwspanialsze w swoim uni\u017ceniu, aby by\u0142a Kr\u00f3low\u0105 nieba i ziemi i aby panowa\u0142a nad t\u0105 plugaw\u0105, g\u0142upi\u0105 kreatur\u0105 jak\u0105 jest demon [&#8230;]. <strong>Zatem je\u015bli si\u0119 opieramy na Maryi, nie musimy si\u0119 niczego ba\u0107. <\/strong>Poza wszystkim jest jeszcze \u0142aska macierzy\u0144swa i ona zaopiekuje si\u0119 nami sercem matki, z najwi\u0119ksz\u0105 delikatno\u015bci\u0105\u201d<a href=\"#_ftn33\" name=\"_ftnref33\"><sup>[33]<\/sup><\/a>.<\/p>\n<p>&nbsp;<\/p>\n<p><span style=\"color: #ffcc00;\"><strong>Pi\u0105ty temat: Trwa\u0107 z Maryj\u0105, \u017ceby otrzyma\u0107 Ducha \u015awi\u0119tego i ewangelizowa\u0107<\/strong><\/span><\/p>\n<p>Piotr przypomina\u0142, \u017ce aposto\u0142owie z Maryj\u0105 byli zgromadzeni w Wieczerniku w oczekiwaniu na Pi\u0119\u0107dziesi\u0105tnic\u0119 i otrzymali wylanie Ducha \u015awi\u0119tego, kt\u00f3ry ich przemieni\u0142, aby mogli ewangelizowa\u0107. M\u00f3wi\u0142: \u201cPo Wniebowst\u0105pieniu to by\u0142a katastrofa i uczniowie czuj\u0105, \u017ce s\u0105 sami i wtedy id\u0105 do Wieczernika i modl\u0105 si\u0119 z Maryj\u0105, matk\u0105 Jezusa i jego bra\u0107mi. Jego bracia to jest Bractwo Jezusowe! I wszyscy razem modl\u0105 si\u0119 w Wieczerniku. A Pan potem posy\u0142a ich na zewn\u0105trz. Nie pozostawia ich [w Wieczerniku]. Trzeba, \u017ceby si\u0119 modlili! I nast\u0119pnie Duch \u015awi\u0119ty przyjdzie, to pewne. Ale dopiero po tym, jak b\u0119d\u0105 si\u0119 modli\u0107\u201d<a href=\"#_ftn34\" name=\"_ftnref34\"><sup>[34]<\/sup><\/a>.<\/p>\n<p>W 1979 roku Piotr Goursat opublikowa\u0142 artyku\u0142 wyja\u015bniaj\u0105cy cel mi\u0119dzynarodowego spotkania Odnowy, kt\u00f3re zorganizowa\u0142 w Lourdes. Pisa\u0142 wtedy: \u201cMam nadziej\u0119, \u017ce trwaj\u0105c na modlitwie z Maryj\u0105, Matk\u0105 Jezusa, b\u0119dziemy mogli otrzyma\u0107 Ducha \u015awi\u0119tego, kt\u00f3ry zst\u0105pi na nas i zostaniemy \u015bwiadkami Chrystusa &lt;&lt;a\u017c po kra\u0144ce ziemi&gt;&gt;, jak ci, kt\u00f3rzy wyszli z Wieczernika w Jerozolimie w dniu Pi\u0119\u0107dziesi\u0105tnicy [&#8230;]\u201d<a href=\"#_ftn35\" name=\"_ftnref35\"><sup>[35]<\/sup><\/a>.<\/p>\n<p>&nbsp;<\/p>\n<p><span style=\"color: #ffcc00;\"><strong>Sz\u00f3sty temat: Przyj\u0105\u0107 Maryj\u0119 jako nasz\u0105 Matk\u0119 i zaufa\u0107 jej<\/strong><\/span><\/p>\n<p>Piotr codziennie oddawa\u0142 swoje \u017cycie Jezusowi przez Maryj\u0119, modl\u0105c si\u0119 Aktem konsekracji \u015bwi\u0119tego Ludwika Marii Grignion de Montfort, kt\u00f3rego nas nauczy\u0142 i zaprasza\u0142, by go odmawia\u0107 co rano. Gdy Piotr by\u0142 w szpitalu pod koniec swojego \u017cycia, odwiedzi\u0142 go pewien m\u0142ody internista, kt\u00f3ry odkrywa\u0142 Wsp\u00f3lnot\u0119. Piotr cytowa\u0142 mu ca\u0142e fragmenty \u015bwi\u0119tego Ludwika Marii Grignon de Monfort, kt\u00f3re zna\u0142 na pami\u0119\u0107. Ten brat tak \u015bwiadczy o tym: \u201cCieszy\u0142em si\u0119, \u017ce mog\u0119 go odwiedza\u0107, ale to on odwiedza\u0142 moj\u0105 dusz\u0119, z trosk\u0105 i delikatno\u015bci\u0105 wlewa\u0142 w moje serce dobro przez te s\u0142owa zainspirowane przez Maryj\u0119\u201d.<\/p>\n<p>Piotr lubi\u0142 medytowa\u0107 te wersety z Ewangelii (J 19,25-27): \u201c<strong>A obok krzy\u017ca Jezusowego sta\u0142y: Matka Jego <\/strong>(&#8230;). Kiedy wi\u0119c Jezus ujrza\u0142 Matk\u0119 i stoj\u0105cego obok Niej ucznia, kt\u00f3rego mi\u0142owa\u0142, rzek\u0142 do Matki: \u00abNiewiasto, oto syn Tw\u00f3j\u00bb. <strong>Nast\u0119pnie rzek\u0142 do ucznia: \u00abOto<\/strong> <strong>Matka<\/strong> <strong>twoja\u00bb<\/strong>. I od tej godziny ucze\u0144 wzi\u0105\u0142 J\u0105 do siebie.\u201d Piotr tak nam ten fragment wyja\u015bnia\u0142: \u201cJan towarzyszy\u0142 Jezusowi a\u017c do ko\u0144ca! By\u0142 na Krzy\u017cu [&#8230;]. By\u0142 blisko Jezusa, blisko Jego Matki. <strong>Sekret Jana to Jego Matka, Matka Jezusa. Pod\u0105\u017ca\u0142 za Maryj\u0105<\/strong>, umi\u0142owany ucze\u0144 Jezusa, kt\u00f3ry widzia\u0142 jak przebijaj\u0105 Mu Serce; on jako jedyny przytacza to \u015bwiadectwo Ducha, wody i krwi (cf. 1J 5,8). Przebito Mu bok i wyp\u0142yn\u0119\u0142y krew i woda. <strong>I Jezus da\u0142 Swoj\u0105 Matk\u0119 Janowi<\/strong>\u201d<a href=\"#_ftn36\" name=\"_ftnref36\"><sup>[36]<\/sup><\/a>.<\/p>\n<p>Piotr uczy\u0142 nas, <strong>jak zosta\u0107 dzie\u0107mi Maryi, <\/strong>kt\u00f3ra kocha nas jak matka. Cytuj\u0119: \u201cPan m\u00f3wi nam: &lt;&lt;Nie wejdziecie do Kr\u00f3lestwa Niebieskiego, je\u015bli nie staniecie si\u0119 jak dzieci&gt;&gt;. Czyli wystarczy sta\u0107 si\u0119 ma\u0142ymi dzie\u0107mi. <strong>Co robi\u0105 ma\u0142e dzieci? Ano s\u0142uchaj\u0105 swojej mamy. <\/strong>A zatem mamy mam\u0119, kt\u00f3r\u0105 da\u0142 nam Pan i to szczeg\u00f3lnie na nasze czasy. <strong>Maryja oficjalnie zosta\u0142a matk\u0105 Ko\u015bcio\u0142a, <\/strong>a wi\u0119c jest naprawd\u0119 nasz\u0105 matk\u0105. I je\u015bli jej s\u0142uchamy, to naprawd\u0119 upraszcza wiele rzeczy\u201d<a href=\"#_ftn37\" name=\"_ftnref37\"><sup>[37]<\/sup><\/a>. Piotr robi\u0142 tu aluzj\u0119 do faktu, \u017ce w trakcie Soboru Watyka\u0144skiego II, 21 listopada 1964, Pawe\u0142 VI og\u0142osi\u0142 Maryj\u0119 Matk\u0105 Ko\u015bcio\u0142a.<\/p>\n<p>Po pierwszym zgromadzeniu Odnowy charyzmatycznej, kt\u00f3re zorganizowa\u0142 w Lourdes w 1976, Piotr pisa\u0142 w artykule redakcyjnym <em>Il est vivant!<\/em>: \u201cW Odnowie Duch \u015awi\u0119ty proponuje nam spotkanie z Maryj\u0105 w ca\u0142ym realizmie Jej Osoby, a nie sentymentaln\u0105 pobo\u017cno\u015b\u0107. Gdyby Maryja by\u0142a tylko obrazem symbolicznym, to wszelkie ekscesy \u0142atwowierno\u015bci czy sceptycyzmu by\u0142yby mo\u017cliwe. Ale je\u015bli spotykamy j\u0105 w wierze jako \u017cyw\u0105 osob\u0119, <strong>jako Matk\u0119 Pana, jako nasz\u0105 Matk\u0119<\/strong>, wtedy znikaj\u0105 obawy, bo nie mamy do czynienia z ide\u0105, ale z osob\u0105\u201d<a href=\"#_ftn38\" name=\"_ftnref38\"><sup>[38]<\/sup><\/a>.<\/p>\n<p>&nbsp;<\/p>\n<p>W 1979 roku Piotr wspomina\u0142 pewne wydarzenie ze swojego dzieci\u0144stwa, kt\u00f3re szczeg\u00f3lnie go naznaczy\u0142o, \u017ceby zilustrowa\u0107 <strong>zaufanie, kt\u00f3rym powinni\u015bmy darzy\u0107 Maryj\u0119. <\/strong>Opowiada\u0142: \u201cGdy by\u0142em ma\u0142y, mia\u0142em ogromne zaufanie do matki, a mia\u0142em mie\u0107 operacj\u0119 wyci\u0119cia wyrostka robaczkowego. M\u00f3j m\u0142odszy brat by\u0142 ju\u017c wcze\u015bniej operowany. Opowiadano mi, \u017ce to by\u0142o bardzo powa\u017cne i omal nie umar\u0142. Kilka miesi\u0119cy p\u00f3\u017aniej okaza\u0142o si\u0119, \u017ce ja tak\u017ce mia\u0142em by\u0107 operowany. Mamie uda\u0142o si\u0119 towarzyszy\u0107 mi i trzyma\u0107 mnie za r\u0119k\u0119 a\u017c do sali operacyjnej, do momentu, gdy by\u0142em usypiany. Wszystko posz\u0142o dobrze i p\u00f3\u017aniej ona powiedzia\u0142a: &lt;&lt;Niebywa\u0142e, by\u0142e\u015b ca\u0142y zrelaksowany&gt;&gt;. A ja odpowiedzia\u0142em: &lt;&lt;Ale\u017c tak! Bo powiedzia\u0142e\u015b mi, \u017ce nie b\u0119d\u0119 cierpia\u0142, wi\u0119c zaufa\u0142em ci&gt;&gt;. <strong>Z Maryj\u0105 tak jest, mamy zaufanie, to jest naprawd\u0119 nasza matka, wi\u0119c z ni\u0105 wszystko jest proste<\/strong>\u201d<a href=\"#_ftn39\" name=\"_ftnref39\"><sup>[39]<\/sup><\/a>.<\/p>\n<p><strong>\u00a0<\/strong><\/p>\n<p><span style=\"color: #ffcc00;\"><strong>Przechodz\u0119 do konkluzji<\/strong><\/span><\/p>\n<p>Dla Piotra Goursat Serce Maryi i Serce Jezusa by\u0142y zatem nierozerwalnie po\u0142\u0105czone.<\/p>\n<p>W tych r\u00f3\u017cnych nauczaniach chcia\u0142em wam pokaza\u0107, \u017ce dla Piotra \u017cycie modlitewne i zapa\u0142 ewangelizacyjny by\u0142y nieroz\u0142\u0105czne. \u017bycie Piotra by\u0142o zintegrowane, skierowane na Boga i na innych, oparte o kontemplacj\u0119 Serca Jezusa. Relacja intymno\u015bci z Jezusem, na modlitwie, prowadzi\u0142a go zawsze ku ewangelizacji. Jak w ka\u017cdym sercu ludzkim, w Sercu Jezusa <strong>nast\u0119puje stale skurcz i rozkurcz, <\/strong>aby pompowa\u0107 krew i zapewnia\u0107 \u017cycie. Mo\u017cemy to prze\u0142o\u017cy\u0107 na \u017cycie duchowe. Dla Piotra te dwa momenty by\u0142y konieczne, by pozwoli\u0107 \u017cyciu bo\u017cemu rozpstrzestrzenia\u0107 si\u0119 w nas, w ca\u0142ym Ciele Ko\u015bcio\u0142a. W <strong>adoracji <\/strong>Piotr pozwala\u0142 si\u0119 odnowi\u0107 Jezusowi i by\u0142 nape\u0142niany <strong>wsp\u00f3\u0142odczuwaniem<\/strong> dla zbawienia dusz. I to go popycha\u0142o do <strong>ewangelizacji. <\/strong><\/p>\n<p>Proponuj\u0119 wam zako\u0144czy\u0107 to nauczanie z Piotrem modl\u0105c si\u0119 razem tymi wezwaniami do Serca Jezusa i Niepokalanego Serca Maryi:<\/p>\n<p>&nbsp;<\/p>\n<p>\u201cJezu cichy i pokornego serca, uczy\u0144 serca nasze wed\u0142ug serca Twego.\u201d<\/p>\n<p>\u201cSerce Jezusa, gorej\u0105ce ognisko mi\u0142o\u015bci, rozpal nas Swoim ogniem.\u201d<\/p>\n<p>\u201cNaj\u015bwi\u0119tsze Serce Jezusa, mamy ufno\u015b\u0107 w Tobie!\u201d<\/p>\n<p>\u201cNiepokalane Serce Maryi, ufamy Tobie!\u201d<\/p>\n<p>&nbsp;<\/p>\n<p>Zako\u0144czmy s\u0142owami Aktu zawierzenia Maryi, \u015bwi\u0119tego Ludwika Marii Grignion de Montfort, kt\u00f3r\u0105 Piotr tak ukocha\u0142 i kt\u00f3rej nas nauczy\u0142:<\/p>\n<p>\u201cObieramy sobie dzisiaj Ciebie, o Maryjo, w obecno\u015bci ca\u0142ego dworu niebieskiego, na nasz\u0105 Matk\u0119 i Kr\u00f3low\u0105 Z ca\u0142ym poddaniem i mi\u0142o\u015bci\u0105. oddajemy Ci i po\u015bwi\u0119camy, nasze cia\u0142a i nasze dusze, nasze dobra wewn\u0119trzne i zewn\u0119trzne, a tak\u017ce warto\u015b\u0107 naszych dobrych uczynk\u00f3w, przesz\u0142ych, obecnych i przysz\u0142ych, pozostawiaj\u0105c Ci ca\u0142kowite i pe\u0142ne prawo, pos\u0142ugiwania si\u0119 nami i wszystkim, co do nas nale\u017cy, bez wyj\u0105tku, wed\u0142ug Twojego upodobania, na wi\u0119ksz\u0105 chwa\u0142\u0119 Bo\u017c\u0105, teraz i w wieczno\u015bci. Amen\u201d<\/p>\n<p><strong>\u00a0<\/strong><\/p>\n<p><strong>\u00a0<\/strong><\/p>\n<p><a href=\"#_ftnref1\" name=\"_ftn1\"><sup>[1]<\/sup><\/a> Rekolekcje Bractwa Jezusowego w Paray-le-Monial, sierpie\u0144 1979.<\/p>\n<p><a href=\"#_ftnref2\" name=\"_ftn2\"><sup>[2]<\/sup><\/a> Wywiad z Piotrem Goursat, T6, maj 1988.<\/p>\n<p><a href=\"#_ftnref3\" name=\"_ftn3\"><sup>[3]<\/sup><\/a> Wyst\u0105pienie Piotra Goursat podczas pierwszej sesji w Paray-le-Monial, 16 lipca 1975.<\/p>\n<p><a href=\"#_ftnref4\" name=\"_ftn4\"><sup>[4]<\/sup><\/a> Sesja w Paray-le-Monial, lipiec 1977.<\/p>\n<p><a href=\"#_ftnref5\" name=\"_ftn5\"><sup>[5]<\/sup><\/a> Artyku\u0142 redakcyjny, <em>Serce Boga<\/em>, <em>Zeszyty Odnowy &#8211; Il<\/em> <em>est<\/em> <em>Vivant !<\/em>, n\u00b0 17, luty 1978, p. 2.<\/p>\n<p><a href=\"#_ftnref6\" name=\"_ftn6\"><sup>[6]<\/sup><\/a> Pie XII, encyklika <em>Haurietis<\/em> <em>aquas<\/em> <em>in<\/em> <em>gaudio<\/em>, n\u00b0 72.<\/p>\n<p><a href=\"#_ftnref7\" name=\"_ftn7\"><sup>[7]<\/sup><\/a> \u015awi\u0119ty Bonawentura, <em>Mistyczna winnica<\/em>.<\/p>\n<p><a href=\"#_ftnref8\" name=\"_ftn8\"><sup>[8]<\/sup><\/a> List do ojca Croiset, 3 listopada 1689.<\/p>\n<p><a href=\"#_ftnref9\" name=\"_ftn9\"><sup>[9]<\/sup><\/a> Weekend Emmanuela, 23 listopada 1975.<\/p>\n<p><a href=\"#_ftnref10\" name=\"_ftn10\"><sup>[10]<\/sup><\/a> <em>Il est Vivant\u00a0!<\/em>, n\u00b0 10, grudnia 1976.<\/p>\n<p><a href=\"#_ftnref11\" name=\"_ftn11\"><sup>[11]<\/sup><\/a> Rekolekcje Bractwa Jezusowego w Paray-le-Monial, sierpie\u0144 1979.<\/p>\n<p><a href=\"#_ftnref12\" name=\"_ftn12\"><sup>[12]<\/sup><\/a> Rekolekcje Bractwa Jezusowego w Paray-le-Monial, 30 grudnia 1977.<\/p>\n<p><a href=\"#_ftnref13\" name=\"_ftn13\"><sup>[13]<\/sup><\/a> Cudowny Medalik z Rue du Bac, w Pary\u017cu, miejsca objawie\u0144 Katarzynie Labour\u00e9 (przyp.t\u0142um.)<\/p>\n<p><a href=\"#_ftnref14\" name=\"_ftn14\"><sup>[14]<\/sup><\/a> \u015awiadectwo Piotra Goursat, T2, lipiec 1986.<\/p>\n<p><a href=\"#_ftnref15\" name=\"_ftn15\"><sup>[15]<\/sup><\/a> Rekolekcje Bractwa Jezusowego, sierpie\u0144 1979.<\/p>\n<p><a href=\"#_ftnref16\" name=\"_ftn16\"><sup>[16]<\/sup><\/a> \u015awiadectwo Elisabeth Dumont, 14 kwietnia 1991.<\/p>\n<p><a href=\"#_ftnref17\" name=\"_ftn17\"><sup>[17]<\/sup><\/a> \u015awiadectwo Piotra Goursat, maja 1988.<\/p>\n<p><a href=\"#_ftnref18\" name=\"_ftn18\"><sup>[18]<\/sup><\/a> Weekend wsp\u00f3lnotowy w Barcelonie w Hiszpanii, 29 maja 1988.<\/p>\n<p><a href=\"#_ftnref19\" name=\"_ftn19\"><sup>[19]<\/sup><\/a> Notatki do nauczania w szkole modlitwy, koniec 1971.<\/p>\n<p><a href=\"#_ftnref20\" name=\"_ftn20\"><sup>[20]<\/sup><\/a> Bractwo Jezusowe, Bo\u017ce Narodzenie 1983.<\/p>\n<p><a href=\"#_ftnref21\" name=\"_ftn21\"><sup>[21]<\/sup><\/a> Weekend wsp\u00f3lnotowy, 14-15 czerwca 1980.<\/p>\n<p><a href=\"#_ftnref22\" name=\"_ftn22\"><sup>[22]<\/sup><\/a> Rekolekcje Bractwa Jezusowego, Paray-le-Monial, 24 lipca 1983.<\/p>\n<p><a href=\"#_ftnref23\" name=\"_ftn23\"><sup>[23]<\/sup><\/a> Artyku\u0142 redakcyjny, <em>Il est vivant\u00a0!<\/em>, n\u00b0 6-7, luty &#8211; maj 1976.<\/p>\n<p><a href=\"#_ftnref24\" name=\"_ftn24\"><sup>[24]<\/sup><\/a> Refleksje duchowe Piotra Goursat, lato 1980.<\/p>\n<p><a href=\"#_ftnref25\" name=\"_ftn25\"><sup>[25]<\/sup><\/a> Rozmowa 23 maja 1976.<\/p>\n<p><a href=\"#_ftnref26\" name=\"_ftn26\"><sup>[26]<\/sup><\/a> Weekend wsp\u00f3lnotowy, 21 czerwca 1981.<\/p>\n<p><a href=\"#_ftnref27\" name=\"_ftn27\"><sup>[27]<\/sup><\/a> Weekend wsp\u00f3lnotowy, 20 sierpnia 1981.<\/p>\n<p><a href=\"#_ftnref28\" name=\"_ftn28\"><sup>[28]<\/sup><\/a> Weekend wsp\u00f3lnotowy w Neuilly, 12 maja 1979.<\/p>\n<p><a href=\"#_ftnref29\" name=\"_ftn29\"><sup>[29]<\/sup><\/a> Rekolekcje Bractwa Jezusowego, Wielkanoc 1978.<\/p>\n<p><a href=\"#_ftnref30\" name=\"_ftn30\"><sup>[30]<\/sup><\/a> Weekend wsp\u00f3lnotowy, kwiecie\u0144 1983.<\/p>\n<p><a href=\"#_ftnref31\" name=\"_ftn31\"><sup>[31]<\/sup><\/a> Rekolekcje Bractwa Jezusowego, 10 sierpnia 1978.<\/p>\n<p><a href=\"#_ftnref32\" name=\"_ftn32\"><sup>[32]<\/sup><\/a> Weekend wsp\u00f3lnotowy, 30-31 maja 1981.<\/p>\n<p><a href=\"#_ftnref33\" name=\"_ftn33\"><sup>[33]<\/sup><\/a> Weekend wsp\u00f3lnotowy, 15 marca 1980 .<\/p>\n<p><a href=\"#_ftnref34\" name=\"_ftn34\"><sup>[34]<\/sup><\/a> Rekolekcje Bractwa Jezusowego, Wielkanoc 1982.<\/p>\n<p><a href=\"#_ftnref35\" name=\"_ftn35\"><sup>[35]<\/sup><\/a> Artyku\u0142 redakcyjny, <em>Il est vivant\u00a0!<\/em>, n\u00b0 23, marca 1979.<\/p>\n<p><a href=\"#_ftnref36\" name=\"_ftn36\"><sup>[36]<\/sup><\/a> Rekolekcje Bractwa Jezusowego, koniec grudnia 1980.<\/p>\n<p><a href=\"#_ftnref37\" name=\"_ftn37\"><sup>[37]<\/sup><\/a> Weekend wsp\u00f3lnotowy, wiosna 1979.<\/p>\n<p><a href=\"#_ftnref38\" name=\"_ftn38\"><sup>[38]<\/sup><\/a> Artyku\u0142 redakcyjny w <em>Il est vivant\u00a0!<\/em>, n\u00b0 8, lipca 1976.<\/p>\n<p><a href=\"#_ftnref39\" name=\"_ftn39\"><sup>[39]<\/sup><\/a> Rekolekcje Bractwa Jezusowego, Paray-le-Monial, sierpie\u0144 1979.<\/p>\n<p>&nbsp;<\/p>\n<p>&nbsp;<\/p>\n","protected":false},"excerpt":{"rendered":"<p>Francis kohn Jak uczy\u0107 si\u0119 od Serca Jezusa i Maryi, naszej matki Piotr Goursat niezwykle kocha\u0142 Serce Jezusa &#8211; wola\u0142 ten termin ni\u017c Sacr\u00e9-C\u0153ur, Naj\u015bwi\u0119tsze Serce &#8211; i Maryi. Mi\u0142o\u015b\u0107 t\u0119 zaszczepi\u0142a mu jego matka. Gdy Piotr przyszed\u0142 na \u015bwiat 15 sierpnia 1914, matka po\u015bwi\u0119ci\u0142a synka Maryi, a w kolejnym roku, drugiego swojego syna Bernarda, [&hellip;]<\/p>\n","protected":false},"author":1,"featured_media":0,"comment_status":"open","ping_status":"open","sticky":false,"template":"","format":"standard","meta":{"_acf_changed":false,"footnotes":""},"categories":[40],"tags":[],"class_list":["post-20996","post","type-post","status-publish","format-standard","hentry","category-bez-kategorii"],"acf":[],"yoast_head":"<!-- This site is optimized with the Yoast SEO plugin v27.4 - https:\/\/yoast.com\/product\/yoast-seo-wordpress\/ -->\n<title>Podcast - Jak uczy\u0107 si\u0119 od Serca Jezusa i Maryi, naszej matki - Pierre Goursat et Ses Fr\u00e8res et Soeurs<\/title>\n<meta name=\"robots\" content=\"index, follow, max-snippet:-1, max-image-preview:large, max-video-preview:-1\" \/>\n<link rel=\"canonical\" href=\"https:\/\/www.pierregoursat.com\/pl\/podcast-jak-uczyc-sie-od-serca-jezusa-i-maryi-naszej-matki\/\" \/>\n<meta property=\"og:locale\" content=\"pl_PL\" \/>\n<meta property=\"og:type\" content=\"article\" \/>\n<meta property=\"og:title\" content=\"Podcast - Jak uczy\u0107 si\u0119 od Serca Jezusa i Maryi, naszej matki - Pierre Goursat et Ses Fr\u00e8res et Soeurs\" \/>\n<meta property=\"og:description\" content=\"Francis kohn Jak uczy\u0107 si\u0119 od Serca Jezusa i Maryi, naszej matki Piotr Goursat niezwykle kocha\u0142 Serce Jezusa &#8211; wola\u0142 ten termin ni\u017c Sacr\u00e9-C\u0153ur, Naj\u015bwi\u0119tsze Serce &#8211; i Maryi. Mi\u0142o\u015b\u0107 t\u0119 zaszczepi\u0142a mu jego matka. Gdy Piotr przyszed\u0142 na \u015bwiat 15 sierpnia 1914, matka po\u015bwi\u0119ci\u0142a synka Maryi, a w kolejnym roku, drugiego swojego syna Bernarda, [&hellip;]\" \/>\n<meta property=\"og:url\" content=\"https:\/\/www.pierregoursat.com\/pl\/podcast-jak-uczyc-sie-od-serca-jezusa-i-maryi-naszej-matki\/\" \/>\n<meta property=\"og:site_name\" content=\"Pierre Goursat et Ses Fr\u00e8res et Soeurs\" \/>\n<meta property=\"article:published_time\" content=\"2023-01-12T08:39:09+00:00\" \/>\n<meta property=\"article:modified_time\" content=\"2023-01-26T16:37:50+00:00\" \/>\n<meta property=\"og:image\" content=\"https:\/\/www.pierregoursat.com\/images-pierre-goursatmedias\/2022\/01\/citation-01-300x212.jpg\" \/>\n<meta name=\"author\" content=\"pierre-goursat\" \/>\n<meta name=\"twitter:card\" content=\"summary_large_image\" \/>\n<meta name=\"twitter:label1\" content=\"Napisane przez\" \/>\n\t<meta name=\"twitter:data1\" content=\"pierre-goursat\" \/>\n\t<meta name=\"twitter:label2\" content=\"Szacowany czas czytania\" \/>\n\t<meta name=\"twitter:data2\" content=\"31 minut\" \/>\n<script type=\"application\/ld+json\" class=\"yoast-schema-graph\">{\"@context\":\"https:\\\/\\\/schema.org\",\"@graph\":[{\"@type\":\"Article\",\"@id\":\"https:\\\/\\\/www.pierregoursat.com\\\/pl\\\/podcast-jak-uczyc-sie-od-serca-jezusa-i-maryi-naszej-matki\\\/#article\",\"isPartOf\":{\"@id\":\"https:\\\/\\\/www.pierregoursat.com\\\/pl\\\/podcast-jak-uczyc-sie-od-serca-jezusa-i-maryi-naszej-matki\\\/\"},\"author\":{\"name\":\"pierre-goursat\",\"@id\":\"https:\\\/\\\/www.pierregoursat.com\\\/#\\\/schema\\\/person\\\/fb2291446b7de5993cdcace23d73c00d\"},\"headline\":\"Podcast &#8211; Jak uczy\u0107 si\u0119 od Serca Jezusa i Maryi, naszej matki\",\"datePublished\":\"2023-01-12T08:39:09+00:00\",\"dateModified\":\"2023-01-26T16:37:50+00:00\",\"mainEntityOfPage\":{\"@id\":\"https:\\\/\\\/www.pierregoursat.com\\\/pl\\\/podcast-jak-uczyc-sie-od-serca-jezusa-i-maryi-naszej-matki\\\/\"},\"wordCount\":6206,\"commentCount\":0,\"publisher\":{\"@id\":\"https:\\\/\\\/www.pierregoursat.com\\\/#organization\"},\"image\":{\"@id\":\"https:\\\/\\\/www.pierregoursat.com\\\/pl\\\/podcast-jak-uczyc-sie-od-serca-jezusa-i-maryi-naszej-matki\\\/#primaryimage\"},\"thumbnailUrl\":\"https:\\\/\\\/www.pierregoursat.com\\\/images-pierre-goursatmedias\\\/2022\\\/01\\\/citation-01-300x212.jpg\",\"inLanguage\":\"pl-PL\",\"potentialAction\":[{\"@type\":\"CommentAction\",\"name\":\"Comment\",\"target\":[\"https:\\\/\\\/www.pierregoursat.com\\\/pl\\\/podcast-jak-uczyc-sie-od-serca-jezusa-i-maryi-naszej-matki\\\/#respond\"]}]},{\"@type\":\"WebPage\",\"@id\":\"https:\\\/\\\/www.pierregoursat.com\\\/pl\\\/podcast-jak-uczyc-sie-od-serca-jezusa-i-maryi-naszej-matki\\\/\",\"url\":\"https:\\\/\\\/www.pierregoursat.com\\\/pl\\\/podcast-jak-uczyc-sie-od-serca-jezusa-i-maryi-naszej-matki\\\/\",\"name\":\"Podcast - Jak uczy\u0107 si\u0119 od Serca Jezusa i Maryi, naszej matki - Pierre Goursat et Ses Fr\u00e8res et Soeurs\",\"isPartOf\":{\"@id\":\"https:\\\/\\\/www.pierregoursat.com\\\/#website\"},\"primaryImageOfPage\":{\"@id\":\"https:\\\/\\\/www.pierregoursat.com\\\/pl\\\/podcast-jak-uczyc-sie-od-serca-jezusa-i-maryi-naszej-matki\\\/#primaryimage\"},\"image\":{\"@id\":\"https:\\\/\\\/www.pierregoursat.com\\\/pl\\\/podcast-jak-uczyc-sie-od-serca-jezusa-i-maryi-naszej-matki\\\/#primaryimage\"},\"thumbnailUrl\":\"https:\\\/\\\/www.pierregoursat.com\\\/images-pierre-goursatmedias\\\/2022\\\/01\\\/citation-01-300x212.jpg\",\"datePublished\":\"2023-01-12T08:39:09+00:00\",\"dateModified\":\"2023-01-26T16:37:50+00:00\",\"breadcrumb\":{\"@id\":\"https:\\\/\\\/www.pierregoursat.com\\\/pl\\\/podcast-jak-uczyc-sie-od-serca-jezusa-i-maryi-naszej-matki\\\/#breadcrumb\"},\"inLanguage\":\"pl-PL\",\"potentialAction\":[{\"@type\":\"ReadAction\",\"target\":[\"https:\\\/\\\/www.pierregoursat.com\\\/pl\\\/podcast-jak-uczyc-sie-od-serca-jezusa-i-maryi-naszej-matki\\\/\"]}]},{\"@type\":\"ImageObject\",\"inLanguage\":\"pl-PL\",\"@id\":\"https:\\\/\\\/www.pierregoursat.com\\\/pl\\\/podcast-jak-uczyc-sie-od-serca-jezusa-i-maryi-naszej-matki\\\/#primaryimage\",\"url\":\"https:\\\/\\\/www.pierregoursat.com\\\/images-pierre-goursatmedias\\\/2022\\\/01\\\/citation-01-300x212.jpg\",\"contentUrl\":\"https:\\\/\\\/www.pierregoursat.com\\\/images-pierre-goursatmedias\\\/2022\\\/01\\\/citation-01-300x212.jpg\"},{\"@type\":\"BreadcrumbList\",\"@id\":\"https:\\\/\\\/www.pierregoursat.com\\\/pl\\\/podcast-jak-uczyc-sie-od-serca-jezusa-i-maryi-naszej-matki\\\/#breadcrumb\",\"itemListElement\":[{\"@type\":\"ListItem\",\"position\":1,\"name\":\"Accueil\",\"item\":\"https:\\\/\\\/www.pierregoursat.com\\\/pl\\\/\"},{\"@type\":\"ListItem\",\"position\":2,\"name\":\"Podcast &#8211; Jak uczy\u0107 si\u0119 od Serca Jezusa i Maryi, naszej matki\"}]},{\"@type\":\"WebSite\",\"@id\":\"https:\\\/\\\/www.pierregoursat.com\\\/#website\",\"url\":\"https:\\\/\\\/www.pierregoursat.com\\\/\",\"name\":\"Pierre Goursat et Ses Fr\u00e8res et Soeurs\",\"description\":\"Laissez vous transformer en plongeant au c\u0153ur de la gr\u00e2ce fondatrice de la communaut\u00e9 de l\u2019Emmanuel\",\"publisher\":{\"@id\":\"https:\\\/\\\/www.pierregoursat.com\\\/#organization\"},\"potentialAction\":[{\"@type\":\"SearchAction\",\"target\":{\"@type\":\"EntryPoint\",\"urlTemplate\":\"https:\\\/\\\/www.pierregoursat.com\\\/?s={search_term_string}\"},\"query-input\":{\"@type\":\"PropertyValueSpecification\",\"valueRequired\":true,\"valueName\":\"search_term_string\"}}],\"inLanguage\":\"pl-PL\"},{\"@type\":\"Organization\",\"@id\":\"https:\\\/\\\/www.pierregoursat.com\\\/#organization\",\"name\":\"Pierre Goursat, ses Fr\u00e8res et ses Soeurs\",\"url\":\"https:\\\/\\\/www.pierregoursat.com\\\/\",\"logo\":{\"@type\":\"ImageObject\",\"inLanguage\":\"pl-PL\",\"@id\":\"https:\\\/\\\/www.pierregoursat.com\\\/#\\\/schema\\\/logo\\\/image\\\/\",\"url\":\"https:\\\/\\\/www.pierregoursat.com\\\/images-pierre-goursatmedias\\\/2022\\\/02\\\/1200x800-Compassion.jpg\",\"contentUrl\":\"https:\\\/\\\/www.pierregoursat.com\\\/images-pierre-goursatmedias\\\/2022\\\/02\\\/1200x800-Compassion.jpg\",\"width\":1200,\"height\":800,\"caption\":\"Pierre Goursat, ses Fr\u00e8res et ses Soeurs\"},\"image\":{\"@id\":\"https:\\\/\\\/www.pierregoursat.com\\\/#\\\/schema\\\/logo\\\/image\\\/\"}},{\"@type\":\"Person\",\"@id\":\"https:\\\/\\\/www.pierregoursat.com\\\/#\\\/schema\\\/person\\\/fb2291446b7de5993cdcace23d73c00d\",\"name\":\"pierre-goursat\",\"sameAs\":[\"http:\\\/\\\/prod.pierregoursat.com\"]}]}<\/script>\n<!-- \/ Yoast SEO plugin. -->","yoast_head_json":{"title":"Podcast - Jak uczy\u0107 si\u0119 od Serca Jezusa i Maryi, naszej matki - Pierre Goursat et Ses Fr\u00e8res et Soeurs","robots":{"index":"index","follow":"follow","max-snippet":"max-snippet:-1","max-image-preview":"max-image-preview:large","max-video-preview":"max-video-preview:-1"},"canonical":"https:\/\/www.pierregoursat.com\/pl\/podcast-jak-uczyc-sie-od-serca-jezusa-i-maryi-naszej-matki\/","og_locale":"pl_PL","og_type":"article","og_title":"Podcast - Jak uczy\u0107 si\u0119 od Serca Jezusa i Maryi, naszej matki - Pierre Goursat et Ses Fr\u00e8res et Soeurs","og_description":"Francis kohn Jak uczy\u0107 si\u0119 od Serca Jezusa i Maryi, naszej matki Piotr Goursat niezwykle kocha\u0142 Serce Jezusa &#8211; wola\u0142 ten termin ni\u017c Sacr\u00e9-C\u0153ur, Naj\u015bwi\u0119tsze Serce &#8211; i Maryi. Mi\u0142o\u015b\u0107 t\u0119 zaszczepi\u0142a mu jego matka. Gdy Piotr przyszed\u0142 na \u015bwiat 15 sierpnia 1914, matka po\u015bwi\u0119ci\u0142a synka Maryi, a w kolejnym roku, drugiego swojego syna Bernarda, [&hellip;]","og_url":"https:\/\/www.pierregoursat.com\/pl\/podcast-jak-uczyc-sie-od-serca-jezusa-i-maryi-naszej-matki\/","og_site_name":"Pierre Goursat et Ses Fr\u00e8res et Soeurs","article_published_time":"2023-01-12T08:39:09+00:00","article_modified_time":"2023-01-26T16:37:50+00:00","og_image":[{"url":"https:\/\/www.pierregoursat.com\/images-pierre-goursatmedias\/2022\/01\/citation-01-300x212.jpg","type":"","width":"","height":""}],"author":"pierre-goursat","twitter_card":"summary_large_image","twitter_misc":{"Napisane przez":"pierre-goursat","Szacowany czas czytania":"31 minut"},"schema":{"@context":"https:\/\/schema.org","@graph":[{"@type":"Article","@id":"https:\/\/www.pierregoursat.com\/pl\/podcast-jak-uczyc-sie-od-serca-jezusa-i-maryi-naszej-matki\/#article","isPartOf":{"@id":"https:\/\/www.pierregoursat.com\/pl\/podcast-jak-uczyc-sie-od-serca-jezusa-i-maryi-naszej-matki\/"},"author":{"name":"pierre-goursat","@id":"https:\/\/www.pierregoursat.com\/#\/schema\/person\/fb2291446b7de5993cdcace23d73c00d"},"headline":"Podcast &#8211; Jak uczy\u0107 si\u0119 od Serca Jezusa i Maryi, naszej matki","datePublished":"2023-01-12T08:39:09+00:00","dateModified":"2023-01-26T16:37:50+00:00","mainEntityOfPage":{"@id":"https:\/\/www.pierregoursat.com\/pl\/podcast-jak-uczyc-sie-od-serca-jezusa-i-maryi-naszej-matki\/"},"wordCount":6206,"commentCount":0,"publisher":{"@id":"https:\/\/www.pierregoursat.com\/#organization"},"image":{"@id":"https:\/\/www.pierregoursat.com\/pl\/podcast-jak-uczyc-sie-od-serca-jezusa-i-maryi-naszej-matki\/#primaryimage"},"thumbnailUrl":"https:\/\/www.pierregoursat.com\/images-pierre-goursatmedias\/2022\/01\/citation-01-300x212.jpg","inLanguage":"pl-PL","potentialAction":[{"@type":"CommentAction","name":"Comment","target":["https:\/\/www.pierregoursat.com\/pl\/podcast-jak-uczyc-sie-od-serca-jezusa-i-maryi-naszej-matki\/#respond"]}]},{"@type":"WebPage","@id":"https:\/\/www.pierregoursat.com\/pl\/podcast-jak-uczyc-sie-od-serca-jezusa-i-maryi-naszej-matki\/","url":"https:\/\/www.pierregoursat.com\/pl\/podcast-jak-uczyc-sie-od-serca-jezusa-i-maryi-naszej-matki\/","name":"Podcast - Jak uczy\u0107 si\u0119 od Serca Jezusa i Maryi, naszej matki - Pierre Goursat et Ses Fr\u00e8res et Soeurs","isPartOf":{"@id":"https:\/\/www.pierregoursat.com\/#website"},"primaryImageOfPage":{"@id":"https:\/\/www.pierregoursat.com\/pl\/podcast-jak-uczyc-sie-od-serca-jezusa-i-maryi-naszej-matki\/#primaryimage"},"image":{"@id":"https:\/\/www.pierregoursat.com\/pl\/podcast-jak-uczyc-sie-od-serca-jezusa-i-maryi-naszej-matki\/#primaryimage"},"thumbnailUrl":"https:\/\/www.pierregoursat.com\/images-pierre-goursatmedias\/2022\/01\/citation-01-300x212.jpg","datePublished":"2023-01-12T08:39:09+00:00","dateModified":"2023-01-26T16:37:50+00:00","breadcrumb":{"@id":"https:\/\/www.pierregoursat.com\/pl\/podcast-jak-uczyc-sie-od-serca-jezusa-i-maryi-naszej-matki\/#breadcrumb"},"inLanguage":"pl-PL","potentialAction":[{"@type":"ReadAction","target":["https:\/\/www.pierregoursat.com\/pl\/podcast-jak-uczyc-sie-od-serca-jezusa-i-maryi-naszej-matki\/"]}]},{"@type":"ImageObject","inLanguage":"pl-PL","@id":"https:\/\/www.pierregoursat.com\/pl\/podcast-jak-uczyc-sie-od-serca-jezusa-i-maryi-naszej-matki\/#primaryimage","url":"https:\/\/www.pierregoursat.com\/images-pierre-goursatmedias\/2022\/01\/citation-01-300x212.jpg","contentUrl":"https:\/\/www.pierregoursat.com\/images-pierre-goursatmedias\/2022\/01\/citation-01-300x212.jpg"},{"@type":"BreadcrumbList","@id":"https:\/\/www.pierregoursat.com\/pl\/podcast-jak-uczyc-sie-od-serca-jezusa-i-maryi-naszej-matki\/#breadcrumb","itemListElement":[{"@type":"ListItem","position":1,"name":"Accueil","item":"https:\/\/www.pierregoursat.com\/pl\/"},{"@type":"ListItem","position":2,"name":"Podcast &#8211; Jak uczy\u0107 si\u0119 od Serca Jezusa i Maryi, naszej matki"}]},{"@type":"WebSite","@id":"https:\/\/www.pierregoursat.com\/#website","url":"https:\/\/www.pierregoursat.com\/","name":"Pierre Goursat et Ses Fr\u00e8res et Soeurs","description":"Laissez vous transformer en plongeant au c\u0153ur de la gr\u00e2ce fondatrice de la communaut\u00e9 de l\u2019Emmanuel","publisher":{"@id":"https:\/\/www.pierregoursat.com\/#organization"},"potentialAction":[{"@type":"SearchAction","target":{"@type":"EntryPoint","urlTemplate":"https:\/\/www.pierregoursat.com\/?s={search_term_string}"},"query-input":{"@type":"PropertyValueSpecification","valueRequired":true,"valueName":"search_term_string"}}],"inLanguage":"pl-PL"},{"@type":"Organization","@id":"https:\/\/www.pierregoursat.com\/#organization","name":"Pierre Goursat, ses Fr\u00e8res et ses Soeurs","url":"https:\/\/www.pierregoursat.com\/","logo":{"@type":"ImageObject","inLanguage":"pl-PL","@id":"https:\/\/www.pierregoursat.com\/#\/schema\/logo\/image\/","url":"https:\/\/www.pierregoursat.com\/images-pierre-goursatmedias\/2022\/02\/1200x800-Compassion.jpg","contentUrl":"https:\/\/www.pierregoursat.com\/images-pierre-goursatmedias\/2022\/02\/1200x800-Compassion.jpg","width":1200,"height":800,"caption":"Pierre Goursat, ses Fr\u00e8res et ses Soeurs"},"image":{"@id":"https:\/\/www.pierregoursat.com\/#\/schema\/logo\/image\/"}},{"@type":"Person","@id":"https:\/\/www.pierregoursat.com\/#\/schema\/person\/fb2291446b7de5993cdcace23d73c00d","name":"pierre-goursat","sameAs":["http:\/\/prod.pierregoursat.com"]}]}},"_links":{"self":[{"href":"https:\/\/www.pierregoursat.com\/pl\/wp-json\/wp\/v2\/posts\/20996","targetHints":{"allow":["GET"]}}],"collection":[{"href":"https:\/\/www.pierregoursat.com\/pl\/wp-json\/wp\/v2\/posts"}],"about":[{"href":"https:\/\/www.pierregoursat.com\/pl\/wp-json\/wp\/v2\/types\/post"}],"author":[{"embeddable":true,"href":"https:\/\/www.pierregoursat.com\/pl\/wp-json\/wp\/v2\/users\/1"}],"replies":[{"embeddable":true,"href":"https:\/\/www.pierregoursat.com\/pl\/wp-json\/wp\/v2\/comments?post=20996"}],"version-history":[{"count":0,"href":"https:\/\/www.pierregoursat.com\/pl\/wp-json\/wp\/v2\/posts\/20996\/revisions"}],"wp:attachment":[{"href":"https:\/\/www.pierregoursat.com\/pl\/wp-json\/wp\/v2\/media?parent=20996"}],"wp:term":[{"taxonomy":"category","embeddable":true,"href":"https:\/\/www.pierregoursat.com\/pl\/wp-json\/wp\/v2\/categories?post=20996"},{"taxonomy":"post_tag","embeddable":true,"href":"https:\/\/www.pierregoursat.com\/pl\/wp-json\/wp\/v2\/tags?post=20996"}],"curies":[{"name":"wp","href":"https:\/\/api.w.org\/{rel}","templated":true}]}}